{"id":378,"date":"2025-04-13T22:49:04","date_gmt":"2025-04-13T20:49:04","guid":{"rendered":"https:\/\/radcakleszcz.pl\/?p=378"},"modified":"2025-04-13T22:49:04","modified_gmt":"2025-04-13T20:49:04","slug":"opieka-naprzemienna","status":"publish","type":"post","link":"https:\/\/radcakleszcz.pl\/index.php\/opieka-naprzemienna\/","title":{"rendered":"Opieka naprzemienna"},"content":{"rendered":"\n<h4 class=\"wp-block-heading\"><strong>Opieka naprzemienna \u2013 dlaczego s\u0105dy wci\u0105\u017c maj\u0105 z ni\u0105 problem?<\/strong><\/h4>\n\n\n\n<p>W teorii wszystko wygl\u0105da pi\u0119knie: dwoje rodzic\u00f3w, kt\u00f3rzy \u2013 mimo rozstania \u2013 chc\u0105 wychowywa\u0107 dziecko wsp\u00f3lnie i w r\u00f3wnym zakresie. Tydzie\u0144 u mamy, tydzie\u0144 u taty. Taki model nazywamy opiek\u0105 naprzemienn\u0105. Ale w praktyce? W s\u0105dzie to wci\u0105\u017c temat trudny. Wielu s\u0119dzi\u00f3w uznaje ten model za nierealny, je\u015bli mi\u0119dzy rodzicami nie ma pe\u0142nej wsp\u00f3\u0142pracy, kt\u00f3rej poj\u0119cie nigdzie nie zosta\u0142o zidentyfikowane. I tu pojawia si\u0119 miejsce na interpretacj\u0119 \u2013 cz\u0119sto bardzo konserwatywn\u0105.<\/p>\n\n\n\n<h5 class=\"wp-block-heading\"><strong>S\u0105dy potrafi\u0105 argumentowa\u0107 swoje stanowisko tym, \u017ce<\/strong>:<\/h5>\n\n\n\n<ul class=\"wp-block-list\">\n<li>\u201ekonflikt mi\u0119dzy rodzicami wyklucza opiek\u0119 naprzemienn\u0105\u201d (nawet je\u015bli dotyczy tylko spraw maj\u0105tkowych),<\/li>\n\n\n\n<li>\u201edziecko potrzebuje stabilizacji, a nie \u017cycia na walizkach\u201d,<\/li>\n\n\n\n<li>albo\u2026 \u017ce \u201enaprzemienno\u015b\u0107 to rozwi\u0105zanie eksperymentalne\u201d\u2026<\/li>\n<\/ul>\n\n\n\n<p>\u2026 podczas gdy art. 58 \u00a71a KRO i art. 107 \u00a72 KRO wprost dopuszczaj\u0105 mo\u017cliwo\u015b\u0107 ustalenia opieki naprzemiennej, nawet bez porozumienia wychowawczego, je\u017celi jest to zgodne z dobrem dziecka.<\/p>\n\n\n\n<p>S\u0105d Najwy\u017cszy coraz cz\u0119\u015bciej dostrzega, \u017ce konflikt nie wyklucza mo\u017cliwo\u015bci takiego podzia\u0142u, je\u015bli oboje rodzice s\u0105 zaanga\u017cowani i zdolni do opieki. Warto walczy\u0107, ale trzeba wiedzie\u0107, jak. W praktyce wa\u017cne s\u0105:<\/p>\n\n\n\n<ul class=\"wp-block-list\">\n<li>konkretne ustalenia co do miejsca zamieszkania dziecka (nie zawsze musi by\u0107 jedno)<\/li>\n\n\n\n<li>realne pokazanie s\u0105dowi, \u017ce opieka \u201ena zmian\u0119\u201d nie jest kaprysem, ale przemy\u015blanym rozwi\u0105zaniem<\/li>\n\n\n\n<li>w\u0142a\u015bciwe przygotowanie wniosku lub porozumienia wychowawczego.<\/li>\n<\/ul>\n\n\n\n<h4 class=\"wp-block-heading\"><strong>Chcesz powalczy\u0107 o opiek\u0119 naprzemienn\u0105? Poka\u017c s\u0105dowi konkret, a nie ide\u0119.<\/strong><\/h4>\n\n\n\n<h5 class=\"wp-block-heading\">Zapraszam do skorzystania z <a href=\"https:\/\/radcakleszcz.pl\/index.php\/kontakt\/\" data-type=\"page\" data-id=\"107\">moich us\u0142ug<\/a>, zrobi\u0119 wszystko, by zadba\u0107 o Twoje interesy.<\/h5>\n\n\n\n<figure class=\"wp-block-image alignleft size-full is-resized has-custom-border is-style-rounded\" style=\"margin-top:var(--wp--preset--spacing--40);margin-right:0;margin-bottom:var(--wp--preset--spacing--40);margin-left:0\"><img loading=\"lazy\" decoding=\"async\" width=\"1024\" height=\"1024\" src=\"https:\/\/radcakleszcz.pl\/wp-content\/uploads\/2025\/04\/opieka-naprzemienna.jpg\" alt=\"\" class=\"wp-image-380\" style=\"border-style:none;border-width:0px;border-radius:28px;width:948px;height:auto\" srcset=\"https:\/\/radcakleszcz.pl\/wp-content\/uploads\/2025\/04\/opieka-naprzemienna.jpg 1024w, https:\/\/radcakleszcz.pl\/wp-content\/uploads\/2025\/04\/opieka-naprzemienna-300x300.jpg 300w, https:\/\/radcakleszcz.pl\/wp-content\/uploads\/2025\/04\/opieka-naprzemienna-150x150.jpg 150w, https:\/\/radcakleszcz.pl\/wp-content\/uploads\/2025\/04\/opieka-naprzemienna-768x768.jpg 768w\" sizes=\"auto, (max-width: 1024px) 100vw, 1024px\" \/><\/figure>\n\n\n\n<p><\/p>\n","protected":false},"excerpt":{"rendered":"<p>Opieka naprzemienna \u2013 dlaczego s\u0105dy wci\u0105\u017c maj\u0105 z ni\u0105 problem? W teorii wszystko wygl\u0105da pi\u0119knie: dwoje rodzic\u00f3w, kt\u00f3rzy \u2013 mimo rozstania \u2013 chc\u0105 wychowywa\u0107 dziecko wsp\u00f3lnie i w r\u00f3wnym zakresie. Tydzie\u0144 u mamy, tydzie\u0144 u taty. Taki model nazywamy opiek\u0105 naprzemienn\u0105. Ale w praktyce? W s\u0105dzie to wci\u0105\u017c temat trudny. Wielu s\u0119dzi\u00f3w uznaje ten model [&hellip;]<\/p>\n","protected":false},"author":1,"featured_media":0,"comment_status":"closed","ping_status":"","sticky":false,"template":"","format":"standard","meta":{"site-sidebar-layout":"default","site-content-layout":"","ast-site-content-layout":"","site-content-style":"default","site-sidebar-style":"default","ast-global-header-display":"","ast-banner-title-visibility":"","ast-main-header-display":"","ast-hfb-above-header-display":"","ast-hfb-below-header-display":"","ast-hfb-mobile-header-display":"","site-post-title":"","ast-breadcrumbs-content":"","ast-featured-img":"","footer-sml-layout":"","theme-transparent-header-meta":"","adv-header-id-meta":"","stick-header-meta":"","header-above-stick-meta":"","header-main-stick-meta":"","header-below-stick-meta":"","astra-migrate-meta-layouts":"default","ast-page-background-enabled":"default","ast-page-background-meta":{"desktop":{"background-color":"var(--ast-global-color-5)","background-image":"","background-repeat":"repeat","background-position":"center center","background-size":"auto","background-attachment":"scroll","background-type":"","background-media":"","overlay-type":"","overlay-color":"","overlay-opacity":"","overlay-gradient":""},"tablet":{"background-color":"","background-image":"","background-repeat":"repeat","background-position":"center center","background-size":"auto","background-attachment":"scroll","background-type":"","background-media":"","overlay-type":"","overlay-color":"","overlay-opacity":"","overlay-gradient":""},"mobile":{"background-color":"","background-image":"","background-repeat":"repeat","background-position":"center center","background-size":"auto","background-attachment":"scroll","background-type":"","background-media":"","overlay-type":"","overlay-color":"","overlay-opacity":"","overlay-gradient":""}},"ast-content-background-meta":{"desktop":{"background-color":"var(--ast-global-color-4)","background-image":"","background-repeat":"repeat","background-position":"center center","background-size":"auto","background-attachment":"scroll","background-type":"","background-media":"","overlay-type":"","overlay-color":"","overlay-opacity":"","overlay-gradient":""},"tablet":{"background-color":"var(--ast-global-color-4)","background-image":"","background-repeat":"repeat","background-position":"center center","background-size":"auto","background-attachment":"scroll","background-type":"","background-media":"","overlay-type":"","overlay-color":"","overlay-opacity":"","overlay-gradient":""},"mobile":{"background-color":"var(--ast-global-color-4)","background-image":"","background-repeat":"repeat","background-position":"center center","background-size":"auto","background-attachment":"scroll","background-type":"","background-media":"","overlay-type":"","overlay-color":"","overlay-opacity":"","overlay-gradient":""}},"_themeisle_gutenberg_block_has_review":false,"footnotes":""},"categories":[103],"tags":[118,119,106,105,107,109,111,108,112,110,113],"class_list":["post-378","post","type-post","status-publish","format-standard","hentry","category-prawo-rodzinne","tag-kontakty-z-dzieckiem","tag-opieka-naprzemienna","tag-prawnik-chrzanow","tag-prawnik-libiaz","tag-prawnik-oswiecim","tag-radca-prawny-chrzanow","tag-radca-prawny-jaworzno","tag-radca-prawny-libiaz","tag-radca-prawny-malopolska","tag-radca-prawny-oswiecim","tag-radca-prawny-slask"],"_links":{"self":[{"href":"https:\/\/radcakleszcz.pl\/index.php\/wp-json\/wp\/v2\/posts\/378","targetHints":{"allow":["GET"]}}],"collection":[{"href":"https:\/\/radcakleszcz.pl\/index.php\/wp-json\/wp\/v2\/posts"}],"about":[{"href":"https:\/\/radcakleszcz.pl\/index.php\/wp-json\/wp\/v2\/types\/post"}],"author":[{"embeddable":true,"href":"https:\/\/radcakleszcz.pl\/index.php\/wp-json\/wp\/v2\/users\/1"}],"replies":[{"embeddable":true,"href":"https:\/\/radcakleszcz.pl\/index.php\/wp-json\/wp\/v2\/comments?post=378"}],"version-history":[{"count":5,"href":"https:\/\/radcakleszcz.pl\/index.php\/wp-json\/wp\/v2\/posts\/378\/revisions"}],"predecessor-version":[{"id":384,"href":"https:\/\/radcakleszcz.pl\/index.php\/wp-json\/wp\/v2\/posts\/378\/revisions\/384"}],"wp:attachment":[{"href":"https:\/\/radcakleszcz.pl\/index.php\/wp-json\/wp\/v2\/media?parent=378"}],"wp:term":[{"taxonomy":"category","embeddable":true,"href":"https:\/\/radcakleszcz.pl\/index.php\/wp-json\/wp\/v2\/categories?post=378"},{"taxonomy":"post_tag","embeddable":true,"href":"https:\/\/radcakleszcz.pl\/index.php\/wp-json\/wp\/v2\/tags?post=378"}],"curies":[{"name":"wp","href":"https:\/\/api.w.org\/{rel}","templated":true}]}}