{"id":396,"date":"2025-04-16T22:53:15","date_gmt":"2025-04-16T20:53:15","guid":{"rendered":"https:\/\/radcakleszcz.pl\/?p=396"},"modified":"2025-04-16T22:53:15","modified_gmt":"2025-04-16T20:53:15","slug":"sukcesja-zaplanuj-ja","status":"publish","type":"post","link":"https:\/\/radcakleszcz.pl\/index.php\/sukcesja-zaplanuj-ja\/","title":{"rendered":"Sukcesja &#8211; zaplanuj j\u0105."},"content":{"rendered":"\n<h4 class=\"wp-block-heading\">Co stanie si\u0119 z Twoj\u0105 firm\u0105, gdy Ciebie zabraknie?<\/h4>\n\n\n\n<p>To pytanie, kt\u00f3re wi\u0119kszo\u015b\u0107 przedsi\u0119biorc\u00f3w odk\u0142ada na \u201ckiedy\u015b\u201d, ale &#8230; W razie nieszcz\u0119\u015bliwego wypadku brak planu sukcesji mo\u017ce kosztowa\u0107 Twoich bliskich bardzo wiele.  <\/p>\n\n\n\n<h4 class=\"wp-block-heading\">Sukcesja to nie testament \u2013 to strategia.<\/h4>\n\n\n\n<p>To decyzje o tym:<\/p>\n\n\n\n<p>&nbsp;&nbsp;&nbsp;&nbsp;&nbsp;&nbsp;&nbsp;&nbsp;&nbsp;&nbsp;&nbsp;&nbsp;&nbsp;&nbsp; \u2022&nbsp;&nbsp;&nbsp;&nbsp;&nbsp;&nbsp;&nbsp;&nbsp;&nbsp;&nbsp;&nbsp;&nbsp; kto przejmie stery w Twojej firmie;<\/p>\n\n\n\n<p>&nbsp;&nbsp;&nbsp;&nbsp;&nbsp;&nbsp;&nbsp;&nbsp;&nbsp;&nbsp;&nbsp;&nbsp;&nbsp;&nbsp; \u2022&nbsp;&nbsp;&nbsp;&nbsp;&nbsp;&nbsp;&nbsp;&nbsp;&nbsp;&nbsp;&nbsp;&nbsp; jak zabezpieczy\u0107 rodzin\u0119, pracownik\u00f3w, klient\u00f3w, kontrakty;<\/p>\n\n\n\n<p>&nbsp;&nbsp;&nbsp;&nbsp;&nbsp;&nbsp;&nbsp;&nbsp;&nbsp;&nbsp;&nbsp;&nbsp;&nbsp;&nbsp; \u2022&nbsp;&nbsp;&nbsp;&nbsp;&nbsp;&nbsp;&nbsp;&nbsp;&nbsp;&nbsp;&nbsp;&nbsp; jak unikn\u0105\u0107 chaosu prawnego i podatkowego po Twoim odej\u015bciu.<\/p>\n\n\n\n<h4 class=\"wp-block-heading\">Prowadzisz jednoosobow\u0105 dzia\u0142alno\u015b\u0107 gospodarcz\u0105 lub jeste\u015b wsp\u00f3lnikiem w sp\u00f3\u0142ce?<br>Warto wiedzie\u0107, \u017ce &#8230;<\/h4>\n\n\n\n<p>&#8230; mo\u017cesz ju\u017c dzi\u015b:<\/p>\n\n\n\n<p>&nbsp;&nbsp;&nbsp;&nbsp;&nbsp;&nbsp;&nbsp;&nbsp;&nbsp;&nbsp;&nbsp;&nbsp;&nbsp;&nbsp; \u2022&nbsp;&nbsp;&nbsp;&nbsp;&nbsp;&nbsp;&nbsp;&nbsp;&nbsp;&nbsp;&nbsp;&nbsp; wskaza\u0107 zarz\u0105dc\u0119 sukcesyjnego (je\u015bli prowadzisz JDG);<\/p>\n\n\n\n<p>&nbsp;&nbsp;&nbsp;&nbsp;&nbsp;&nbsp;&nbsp;&nbsp;&nbsp;&nbsp;&nbsp;&nbsp;&nbsp;&nbsp; \u2022&nbsp;&nbsp;&nbsp;&nbsp;&nbsp;&nbsp;&nbsp;&nbsp;&nbsp;&nbsp;&nbsp;&nbsp; przygotowa\u0107 plan przekazania udzia\u0142\u00f3w lub akcji;<\/p>\n\n\n\n<p>&nbsp;&nbsp;&nbsp;&nbsp;&nbsp;&nbsp;&nbsp;&nbsp;&nbsp;&nbsp;&nbsp;&nbsp;&nbsp;&nbsp; \u2022&nbsp;&nbsp;&nbsp;&nbsp;&nbsp;&nbsp;&nbsp;&nbsp;&nbsp;&nbsp;&nbsp;&nbsp; stworzy\u0107 fundacj\u0119 rodzinn\u0105 \u2013 narz\u0119dzie nowoczesnej sukcesji i ochrony maj\u0105tku.<\/p>\n\n\n\n<h4 class=\"wp-block-heading\">Zr\u00f3b to dla siebie. Zr\u00f3b to dla swoich bliskich.<\/h4>\n\n\n\n<p>Nie oddawaj przypadkowi losu swojej firmy.<\/p>\n\n\n\n<p>Potrzebujesz konkret\u00f3w? Napisz \u2013 to moja specjalizacja. Zrobi\u0119 wszystko, by Ci pom\u00f3c.<\/p>\n\n\n\n<figure class=\"wp-block-image size-full\"><img loading=\"lazy\" decoding=\"async\" width=\"1024\" height=\"929\" src=\"https:\/\/radcakleszcz.pl\/wp-content\/uploads\/2025\/04\/SUKCESJA-1.jpg\" alt=\"\" class=\"wp-image-400\" srcset=\"https:\/\/radcakleszcz.pl\/wp-content\/uploads\/2025\/04\/SUKCESJA-1.jpg 1024w, https:\/\/radcakleszcz.pl\/wp-content\/uploads\/2025\/04\/SUKCESJA-1-300x272.jpg 300w, https:\/\/radcakleszcz.pl\/wp-content\/uploads\/2025\/04\/SUKCESJA-1-768x697.jpg 768w\" sizes=\"auto, (max-width: 1024px) 100vw, 1024px\" \/><\/figure>\n","protected":false},"excerpt":{"rendered":"<p>Co stanie si\u0119 z Twoj\u0105 firm\u0105, gdy Ciebie zabraknie? To pytanie, kt\u00f3re wi\u0119kszo\u015b\u0107 przedsi\u0119biorc\u00f3w odk\u0142ada na \u201ckiedy\u015b\u201d, ale &#8230; W razie nieszcz\u0119\u015bliwego wypadku brak planu sukcesji mo\u017ce kosztowa\u0107 Twoich bliskich bardzo wiele. Sukcesja to nie testament \u2013 to strategia. To decyzje o tym: &nbsp;&nbsp;&nbsp;&nbsp;&nbsp;&nbsp;&nbsp;&nbsp;&nbsp;&nbsp;&nbsp;&nbsp;&nbsp;&nbsp; \u2022&nbsp;&nbsp;&nbsp;&nbsp;&nbsp;&nbsp;&nbsp;&nbsp;&nbsp;&nbsp;&nbsp;&nbsp; kto przejmie stery w Twojej firmie; &nbsp;&nbsp;&nbsp;&nbsp;&nbsp;&nbsp;&nbsp;&nbsp;&nbsp;&nbsp;&nbsp;&nbsp;&nbsp;&nbsp; \u2022&nbsp;&nbsp;&nbsp;&nbsp;&nbsp;&nbsp;&nbsp;&nbsp;&nbsp;&nbsp;&nbsp;&nbsp; jak zabezpieczy\u0107 [&hellip;]<\/p>\n","protected":false},"author":4,"featured_media":399,"comment_status":"closed","ping_status":"","sticky":false,"template":"","format":"standard","meta":{"site-sidebar-layout":"default","site-content-layout":"","ast-site-content-layout":"","site-content-style":"default","site-sidebar-style":"default","ast-global-header-display":"","ast-banner-title-visibility":"","ast-main-header-display":"","ast-hfb-above-header-display":"","ast-hfb-below-header-display":"","ast-hfb-mobile-header-display":"","site-post-title":"","ast-breadcrumbs-content":"","ast-featured-img":"","footer-sml-layout":"","theme-transparent-header-meta":"","adv-header-id-meta":"","stick-header-meta":"","header-above-stick-meta":"","header-main-stick-meta":"","header-below-stick-meta":"","astra-migrate-meta-layouts":"default","ast-page-background-enabled":"default","ast-page-background-meta":{"desktop":{"background-color":"var(--ast-global-color-5)","background-image":"","background-repeat":"repeat","background-position":"center center","background-size":"auto","background-attachment":"scroll","background-type":"","background-media":"","overlay-type":"","overlay-color":"","overlay-opacity":"","overlay-gradient":""},"tablet":{"background-color":"","background-image":"","background-repeat":"repeat","background-position":"center center","background-size":"auto","background-attachment":"scroll","background-type":"","background-media":"","overlay-type":"","overlay-color":"","overlay-opacity":"","overlay-gradient":""},"mobile":{"background-color":"","background-image":"","background-repeat":"repeat","background-position":"center center","background-size":"auto","background-attachment":"scroll","background-type":"","background-media":"","overlay-type":"","overlay-color":"","overlay-opacity":"","overlay-gradient":""}},"ast-content-background-meta":{"desktop":{"background-color":"var(--ast-global-color-4)","background-image":"","background-repeat":"repeat","background-position":"center center","background-size":"auto","background-attachment":"scroll","background-type":"","background-media":"","overlay-type":"","overlay-color":"","overlay-opacity":"","overlay-gradient":""},"tablet":{"background-color":"var(--ast-global-color-4)","background-image":"","background-repeat":"repeat","background-position":"center center","background-size":"auto","background-attachment":"scroll","background-type":"","background-media":"","overlay-type":"","overlay-color":"","overlay-opacity":"","overlay-gradient":""},"mobile":{"background-color":"var(--ast-global-color-4)","background-image":"","background-repeat":"repeat","background-position":"center center","background-size":"auto","background-attachment":"scroll","background-type":"","background-media":"","overlay-type":"","overlay-color":"","overlay-opacity":"","overlay-gradient":""}},"_themeisle_gutenberg_block_has_review":false,"footnotes":""},"categories":[7],"tags":[132,106,105,107,129,130,108,112,113,131,133],"class_list":["post-396","post","type-post","status-publish","format-standard","has-post-thumbnail","hentry","category-prawocywilne","tag-fundacja-rodzinna","tag-prawnik-chrzanow","tag-prawnik-libiaz","tag-prawnik-oswiecim","tag-prawo-spadkowe","tag-przedsiebiorcy","tag-radca-prawny-libiaz","tag-radca-prawny-malopolska","tag-radca-prawny-slask","tag-sukcesja","tag-zarzad-sukcesyjny"],"_links":{"self":[{"href":"https:\/\/radcakleszcz.pl\/index.php\/wp-json\/wp\/v2\/posts\/396","targetHints":{"allow":["GET"]}}],"collection":[{"href":"https:\/\/radcakleszcz.pl\/index.php\/wp-json\/wp\/v2\/posts"}],"about":[{"href":"https:\/\/radcakleszcz.pl\/index.php\/wp-json\/wp\/v2\/types\/post"}],"author":[{"embeddable":true,"href":"https:\/\/radcakleszcz.pl\/index.php\/wp-json\/wp\/v2\/users\/4"}],"replies":[{"embeddable":true,"href":"https:\/\/radcakleszcz.pl\/index.php\/wp-json\/wp\/v2\/comments?post=396"}],"version-history":[{"count":5,"href":"https:\/\/radcakleszcz.pl\/index.php\/wp-json\/wp\/v2\/posts\/396\/revisions"}],"predecessor-version":[{"id":403,"href":"https:\/\/radcakleszcz.pl\/index.php\/wp-json\/wp\/v2\/posts\/396\/revisions\/403"}],"wp:featuredmedia":[{"embeddable":true,"href":"https:\/\/radcakleszcz.pl\/index.php\/wp-json\/wp\/v2\/media\/399"}],"wp:attachment":[{"href":"https:\/\/radcakleszcz.pl\/index.php\/wp-json\/wp\/v2\/media?parent=396"}],"wp:term":[{"taxonomy":"category","embeddable":true,"href":"https:\/\/radcakleszcz.pl\/index.php\/wp-json\/wp\/v2\/categories?post=396"},{"taxonomy":"post_tag","embeddable":true,"href":"https:\/\/radcakleszcz.pl\/index.php\/wp-json\/wp\/v2\/tags?post=396"}],"curies":[{"name":"wp","href":"https:\/\/api.w.org\/{rel}","templated":true}]}}