{"id":412,"date":"2025-04-21T21:04:00","date_gmt":"2025-04-21T19:04:00","guid":{"rendered":"https:\/\/radcakleszcz.pl\/?p=412"},"modified":"2025-04-21T21:08:21","modified_gmt":"2025-04-21T19:08:21","slug":"kontakty-z-dzieckiem-po-rozstaniu-rodzicow-jak-je-ustalic","status":"publish","type":"post","link":"https:\/\/radcakleszcz.pl\/index.php\/kontakty-z-dzieckiem-po-rozstaniu-rodzicow-jak-je-ustalic\/","title":{"rendered":"Kontakty z dzieckiem po rozstaniu rodzic\u00f3w \u2013 jak je ustali\u0107?"},"content":{"rendered":"\n<p>Po rozstaniu rodzic\u00f3w jedn\u0105 z kluczowych kwestii wymagaj\u0105cych uregulowania s\u0105 kontakty z dzieckiem. Jasne i klarowne uregulowanie kontakt\u00f3w s\u0142u\u017cy nie tylko zapewnieniu dziecku ci\u0105g\u0142o\u015bci relacji z obojgiem rodzic\u00f3w, ale te\u017c zapobiega przysz\u0142ym konfliktom i nieporozumieniom.<\/p>\n\n\n\n<p>Zgodnie z <strong>art. 113 \u00a71 Kodeksu rodzinnego i opieku\u0144czego,<\/strong> \u201e (\u2026) <em>rodzice oraz dziecko maj\u0105 prawo i obowi\u0105zek utrzymywania ze sob\u0105 kontakt\u00f3w<\/em>\u201d, niezale\u017cnie od tego, komu powierzono wykonywanie w\u0142adzy rodzicielskiej. Kontakty te mog\u0105 obejmowa\u0107 wsp\u00f3lny pobyt, odwiedziny, wsp\u00f3lne wyjazdy, rozmowy telefoniczne, po\u0142\u0105czenia wideo czy korespondencj\u0119.<\/p>\n\n\n\n<p><strong>Je\u015bli rodzice s\u0105 w stanie porozumie\u0107 si\u0119 w tej sprawie <\/strong>\u2013 warto zawrze\u0107 stosown\u0105 ugod\u0119, najlepiej zatwierdzon\u0105 przez s\u0105d. W przypadku braku porozumienia, s\u0105d rodzinny \u2013 kieruj\u0105c si\u0119 dobrem dziecka \u2013 mo\u017ce wyda\u0107 postanowienie szczeg\u00f3\u0142owo okre\u015blaj\u0105ce spos\u00f3b, miejsce, cz\u0119stotliwo\u015b\u0107 i form\u0119 kontakt\u00f3w.<\/p>\n\n\n\n<p>Szczeg\u00f3\u0142owe uregulowanie kwestii kontakt\u00f3w pozwala unikn\u0105\u0107 niejasno\u015bci, kt\u00f3re cz\u0119sto prowadz\u0105 do spor\u00f3w. <strong>W sytuacjach bardziej skomplikowanych<\/strong> \u2013 np. przy ograniczonym zaufaniu mi\u0119dzy rodzicami \u2013 mo\u017cliwe jest ustalenie kontakt\u00f3w w obecno\u015bci kuratora s\u0105dowego lub osoby trzeciej, a tak\u017ce w miejscu neutralnym, np. w plac\u00f3wce opieku\u0144czo-wychowawczej.<\/p>\n\n\n\n<h4 class=\"wp-block-heading\">Egzekucja kontakt\u00f3w<\/h4>\n\n\n\n<p>Warto r\u00f3wnie\u017c pami\u0119ta\u0107, \u017ce je\u015bli jeden z rodzic\u00f3w utrudnia wykonywanie kontakt\u00f3w, drugi mo\u017ce z\u0142o\u017cy\u0107 do s\u0105du wniosek o ich egzekucj\u0119. S\u0105d mo\u017ce zagrozi\u0107 na\u0142o\u017ceniem grzywny za ka\u017cde naruszenie warunk\u00f3w kontakt\u00f3w oraz wymierzy\u0107 grzywn\u0119 w przypadku dalszych narusze\u0144. Dzia\u0142a to w obie strony &#8211; zar\u00f3wno co do rodzica, kt\u00f3ry nie chc\u0105 kontaktowa\u0107 si\u0119 z dzieckiem, kt\u00f3re z nim stale nie przebywa, jak r\u00f3wnie\u017c do rodzica sprawuj\u0105cego sta\u0142\u0105 piecz\u0119, kt\u00f3ry utrudnia kontakty drugiemu rodzicowi.<\/p>\n\n\n\n<p>Dobrze skonstruowane porozumienie rodzicielskie lub wyrok s\u0105du to nie tylko ochrona interes\u00f3w prawnych rodzica, ale przede wszystkim stabilno\u015b\u0107 i bezpiecze\u0144stwo emocjonalne dziecka.<\/p>\n\n\n\n<h2 class=\"wp-block-heading\">Je\u017celi potrzebujesz pomocy &#8230;<\/h2>\n\n\n\n<p>&#8230; w uregulowaniu kontakt\u00f3w lub jeste\u015b w sytuacji, w kt\u00f3rej drugi rodzic utrudnia spotkania \u2013 skontaktuj si\u0119 ze mn\u0105. Pomog\u0119 Ci zadba\u0107 o Twoje prawa i dobro dziecka. Wsp\u00f3lnie przeanalizujemy sytuacj\u0119 i znajdziemy najlepsze rozwi\u0105zanie.<\/p>\n","protected":false},"excerpt":{"rendered":"<p>Po rozstaniu rodzic\u00f3w jedn\u0105 z kluczowych kwestii wymagaj\u0105cych uregulowania s\u0105 kontakty z dzieckiem. Jasne i klarowne uregulowanie kontakt\u00f3w s\u0142u\u017cy nie tylko zapewnieniu dziecku ci\u0105g\u0142o\u015bci relacji z obojgiem rodzic\u00f3w, ale te\u017c zapobiega przysz\u0142ym konfliktom i nieporozumieniom. Zgodnie z art. 113 \u00a71 Kodeksu rodzinnego i opieku\u0144czego, \u201e (\u2026) rodzice oraz dziecko maj\u0105 prawo i obowi\u0105zek utrzymywania ze [&hellip;]<\/p>\n","protected":false},"author":4,"featured_media":0,"comment_status":"closed","ping_status":"","sticky":false,"template":"","format":"standard","meta":{"site-sidebar-layout":"default","site-content-layout":"","ast-site-content-layout":"","site-content-style":"default","site-sidebar-style":"default","ast-global-header-display":"","ast-banner-title-visibility":"","ast-main-header-display":"","ast-hfb-above-header-display":"","ast-hfb-below-header-display":"","ast-hfb-mobile-header-display":"","site-post-title":"","ast-breadcrumbs-content":"","ast-featured-img":"","footer-sml-layout":"","theme-transparent-header-meta":"","adv-header-id-meta":"","stick-header-meta":"","header-above-stick-meta":"","header-main-stick-meta":"","header-below-stick-meta":"","astra-migrate-meta-layouts":"default","ast-page-background-enabled":"default","ast-page-background-meta":{"desktop":{"background-color":"var(--ast-global-color-5)","background-image":"","background-repeat":"repeat","background-position":"center center","background-size":"auto","background-attachment":"scroll","background-type":"","background-media":"","overlay-type":"","overlay-color":"","overlay-opacity":"","overlay-gradient":""},"tablet":{"background-color":"","background-image":"","background-repeat":"repeat","background-position":"center center","background-size":"auto","background-attachment":"scroll","background-type":"","background-media":"","overlay-type":"","overlay-color":"","overlay-opacity":"","overlay-gradient":""},"mobile":{"background-color":"","background-image":"","background-repeat":"repeat","background-position":"center center","background-size":"auto","background-attachment":"scroll","background-type":"","background-media":"","overlay-type":"","overlay-color":"","overlay-opacity":"","overlay-gradient":""}},"ast-content-background-meta":{"desktop":{"background-color":"var(--ast-global-color-4)","background-image":"","background-repeat":"repeat","background-position":"center center","background-size":"auto","background-attachment":"scroll","background-type":"","background-media":"","overlay-type":"","overlay-color":"","overlay-opacity":"","overlay-gradient":""},"tablet":{"background-color":"var(--ast-global-color-4)","background-image":"","background-repeat":"repeat","background-position":"center center","background-size":"auto","background-attachment":"scroll","background-type":"","background-media":"","overlay-type":"","overlay-color":"","overlay-opacity":"","overlay-gradient":""},"mobile":{"background-color":"var(--ast-global-color-4)","background-image":"","background-repeat":"repeat","background-position":"center center","background-size":"auto","background-attachment":"scroll","background-type":"","background-media":"","overlay-type":"","overlay-color":"","overlay-opacity":"","overlay-gradient":""}},"_themeisle_gutenberg_block_has_review":false,"footnotes":""},"categories":[1],"tags":[163,118,164,106,105,107,160,162,111,108,112,110,113],"class_list":["post-412","post","type-post","status-publish","format-standard","hentry","category-uncategorized","tag-alimenty","tag-kontakty-z-dzieckiem","tag-libiaz-radca","tag-prawnik-chrzanow","tag-prawnik-libiaz","tag-prawnik-oswiecim","tag-prawnik-wadowice","tag-prawo-rodzinne","tag-radca-prawny-jaworzno","tag-radca-prawny-libiaz","tag-radca-prawny-malopolska","tag-radca-prawny-oswiecim","tag-radca-prawny-slask"],"_links":{"self":[{"href":"https:\/\/radcakleszcz.pl\/index.php\/wp-json\/wp\/v2\/posts\/412","targetHints":{"allow":["GET"]}}],"collection":[{"href":"https:\/\/radcakleszcz.pl\/index.php\/wp-json\/wp\/v2\/posts"}],"about":[{"href":"https:\/\/radcakleszcz.pl\/index.php\/wp-json\/wp\/v2\/types\/post"}],"author":[{"embeddable":true,"href":"https:\/\/radcakleszcz.pl\/index.php\/wp-json\/wp\/v2\/users\/4"}],"replies":[{"embeddable":true,"href":"https:\/\/radcakleszcz.pl\/index.php\/wp-json\/wp\/v2\/comments?post=412"}],"version-history":[{"count":2,"href":"https:\/\/radcakleszcz.pl\/index.php\/wp-json\/wp\/v2\/posts\/412\/revisions"}],"predecessor-version":[{"id":414,"href":"https:\/\/radcakleszcz.pl\/index.php\/wp-json\/wp\/v2\/posts\/412\/revisions\/414"}],"wp:attachment":[{"href":"https:\/\/radcakleszcz.pl\/index.php\/wp-json\/wp\/v2\/media?parent=412"}],"wp:term":[{"taxonomy":"category","embeddable":true,"href":"https:\/\/radcakleszcz.pl\/index.php\/wp-json\/wp\/v2\/categories?post=412"},{"taxonomy":"post_tag","embeddable":true,"href":"https:\/\/radcakleszcz.pl\/index.php\/wp-json\/wp\/v2\/tags?post=412"}],"curies":[{"name":"wp","href":"https:\/\/api.w.org\/{rel}","templated":true}]}}