{"id":415,"date":"2025-04-21T21:26:29","date_gmt":"2025-04-21T19:26:29","guid":{"rendered":"https:\/\/radcakleszcz.pl\/?p=415"},"modified":"2025-04-21T21:26:29","modified_gmt":"2025-04-21T19:26:29","slug":"415","status":"publish","type":"post","link":"https:\/\/radcakleszcz.pl\/index.php\/415\/","title":{"rendered":"Sp\u00f3\u0142ka nie p\u0142aci? Pozwij cz\u0142onka zarz\u0105du."},"content":{"rendered":"\n<p>Je\u015bli masz wyrok przeciwko sp\u00f3\u0142ce z o.o., ale egzekucja u komornika okazuje si\u0119 bezskuteczna \u2013 nie wszystko stracone. Masz prawo skierowa\u0107 pozew bezpo\u015brednio przeciwko cz\u0142onkom zarz\u0105du sp\u00f3\u0142ki \u2013 na podstawie art. 299 Kodeksu sp\u00f3\u0142ek handlowych.<\/p>\n\n\n\n<p>To tzw. <strong>odpowiedzialno\u015b\u0107 subsydiarna<\/strong> \u2013 mo\u017cesz dochodzi\u0107 zap\u0142aty od cz\u0142onk\u00f3w zarz\u0105du dopiero wtedy, gdy maj\u0105tek sp\u00f3\u0142ki nie wystarcza na pokrycie d\u0142ugu.<\/p>\n\n\n\n<h4 class=\"wp-block-heading\">Kiedy mo\u017cesz pozwa\u0107 zarz\u0105d?<\/h4>\n\n\n\n<p>Musz\u0105 by\u0107 spe\u0142nione dwa podstawowe warunki:<\/p>\n\n\n\n<p>&nbsp;&nbsp;&nbsp;&nbsp;&nbsp;&nbsp;&nbsp;&nbsp;&nbsp;&nbsp;&nbsp;&nbsp;&nbsp;&nbsp; 1.&nbsp;&nbsp;&nbsp;&nbsp;&nbsp;&nbsp;&nbsp;&nbsp;&nbsp;&nbsp; Masz tytu\u0142 wykonawczy (np. wyrok s\u0105du) przeciwko sp\u00f3\u0142ce.<\/p>\n\n\n\n<p>&nbsp;&nbsp;&nbsp;&nbsp;&nbsp;&nbsp;&nbsp;&nbsp;&nbsp;&nbsp;&nbsp;&nbsp;&nbsp;&nbsp; 2.&nbsp;&nbsp;&nbsp;&nbsp;&nbsp;&nbsp;&nbsp;&nbsp;&nbsp;&nbsp; Komornik umorzy\u0142 egzekucj\u0119 z uwagi na jej bezskuteczno\u015b\u0107 \u2013 sp\u00f3\u0142ka nie ma maj\u0105tku.<\/p>\n\n\n\n<p><strong>Po spe\u0142nieniu tych warunk\u00f3w mo\u017cesz z\u0142o\u017cy\u0107 pozew przeciwko cz\u0142onkom zarz\u0105du<\/strong>. Nie musisz udowadnia\u0107 ich winy \u2013 to oni musz\u0105 wykaza\u0107, \u017ce:<\/p>\n\n\n\n<p>\u2013 we w\u0142a\u015bciwym czasie z\u0142o\u017cyli wniosek o upad\u0142o\u015b\u0107,<\/p>\n\n\n\n<p>\u2013 lub \u017ce niez\u0142o\u017cenie nie nast\u0105pi\u0142o z ich winy,<\/p>\n\n\n\n<p>\u2013 albo \u017ce wierzyciel nie poni\u00f3s\u0142 szkody.<\/p>\n\n\n\n<h4 class=\"wp-block-heading\">Na co zwr\u00f3ci\u0107 uwag\u0119?<\/h4>\n\n\n\n<p>\u2013 cz\u0142onek zarz\u0105du mo\u017ce pr\u00f3bowa\u0107 wykaza\u0107, \u017ce w og\u00f3le nie pe\u0142ni\u0142 funkcji (np. by\u0142 tylko formalnie wpisany do KRS). Warto zawczasu zgromadzi\u0107 dowody na to, \u017ce pe\u0142ni\u0142 realn\u0105 rol\u0119 \u2013 np. podpisywa\u0142 umowy, reprezentowa\u0142 sp\u00f3\u0142k\u0119.<\/p>\n\n\n\n<p>\u2013 odpowiedzialno\u015b\u0107 jest <strong>solidarna<\/strong> \u2013 mo\u017cesz pozwa\u0107 jednego lub kilku cz\u0142onk\u00f3w zarz\u0105du, nawet je\u015bli nie pe\u0142nili funkcji jednocze\u015bnie.<\/p>\n\n\n\n<p>Je\u015bli masz niewyegzekwowan\u0105 wierzytelno\u015b\u0107 wobec sp\u00f3\u0142ki z o.o. rozwa\u017c pozew przeciwko cz\u0142onkom zarz\u0105du &#8211; mo\u017ce by\u0107 Twoj\u0105 realn\u0105 szans\u0105 na odzyskanie pieni\u0119dzy.<\/p>\n\n\n\n<p><strong>Skontaktuj si\u0119 z Kancelari\u0105 \u2013 przeanalizujemy Twoj\u0105 spraw\u0119 i zajmiemy si\u0119 post\u0119powaniem s\u0105dowym.<\/strong><\/p>\n\n\n\n<p><\/p>\n","protected":false},"excerpt":{"rendered":"<p>Je\u015bli masz wyrok przeciwko sp\u00f3\u0142ce z o.o., ale egzekucja u komornika okazuje si\u0119 bezskuteczna \u2013 nie wszystko stracone. Masz prawo skierowa\u0107 pozew bezpo\u015brednio przeciwko cz\u0142onkom zarz\u0105du sp\u00f3\u0142ki \u2013 na podstawie art. 299 Kodeksu sp\u00f3\u0142ek handlowych. To tzw. odpowiedzialno\u015b\u0107 subsydiarna \u2013 mo\u017cesz dochodzi\u0107 zap\u0142aty od cz\u0142onk\u00f3w zarz\u0105du dopiero wtedy, gdy maj\u0105tek sp\u00f3\u0142ki nie wystarcza na pokrycie [&hellip;]<\/p>\n","protected":false},"author":4,"featured_media":0,"comment_status":"closed","ping_status":"","sticky":false,"template":"","format":"standard","meta":{"site-sidebar-layout":"default","site-content-layout":"","ast-site-content-layout":"","site-content-style":"default","site-sidebar-style":"default","ast-global-header-display":"","ast-banner-title-visibility":"","ast-main-header-display":"","ast-hfb-above-header-display":"","ast-hfb-below-header-display":"","ast-hfb-mobile-header-display":"","site-post-title":"","ast-breadcrumbs-content":"","ast-featured-img":"","footer-sml-layout":"","theme-transparent-header-meta":"","adv-header-id-meta":"","stick-header-meta":"","header-above-stick-meta":"","header-main-stick-meta":"","header-below-stick-meta":"","astra-migrate-meta-layouts":"default","ast-page-background-enabled":"default","ast-page-background-meta":{"desktop":{"background-color":"var(--ast-global-color-5)","background-image":"","background-repeat":"repeat","background-position":"center center","background-size":"auto","background-attachment":"scroll","background-type":"","background-media":"","overlay-type":"","overlay-color":"","overlay-opacity":"","overlay-gradient":""},"tablet":{"background-color":"","background-image":"","background-repeat":"repeat","background-position":"center center","background-size":"auto","background-attachment":"scroll","background-type":"","background-media":"","overlay-type":"","overlay-color":"","overlay-opacity":"","overlay-gradient":""},"mobile":{"background-color":"","background-image":"","background-repeat":"repeat","background-position":"center center","background-size":"auto","background-attachment":"scroll","background-type":"","background-media":"","overlay-type":"","overlay-color":"","overlay-opacity":"","overlay-gradient":""}},"ast-content-background-meta":{"desktop":{"background-color":"var(--ast-global-color-4)","background-image":"","background-repeat":"repeat","background-position":"center center","background-size":"auto","background-attachment":"scroll","background-type":"","background-media":"","overlay-type":"","overlay-color":"","overlay-opacity":"","overlay-gradient":""},"tablet":{"background-color":"var(--ast-global-color-4)","background-image":"","background-repeat":"repeat","background-position":"center center","background-size":"auto","background-attachment":"scroll","background-type":"","background-media":"","overlay-type":"","overlay-color":"","overlay-opacity":"","overlay-gradient":""},"mobile":{"background-color":"var(--ast-global-color-4)","background-image":"","background-repeat":"repeat","background-position":"center center","background-size":"auto","background-attachment":"scroll","background-type":"","background-media":"","overlay-type":"","overlay-color":"","overlay-opacity":"","overlay-gradient":""}},"_themeisle_gutenberg_block_has_review":false,"footnotes":""},"categories":[104],"tags":[168,166,106,173,175,105,171,107,172,134,160,174,167,109,108,110,176,169,170],"class_list":["post-415","post","type-post","status-publish","format-standard","hentry","category-prawo-gospodarcze-i-handlowe","tag-299-ksh","tag-michal-kleszcz","tag-prawnik-chrzanow","tag-prawnik-jaworzno","tag-prawnik-krzeszowice","tag-prawnik-libiaz","tag-prawnik-malopolska","tag-prawnik-oswiecim","tag-prawnik-slask","tag-prawnik-trzebinia","tag-prawnik-wadowice","tag-prawnik-zator","tag-radca-kleszcz","tag-radca-prawny-chrzanow","tag-radca-prawny-libiaz","tag-radca-prawny-oswiecim","tag-radca-prawny-trzebinia","tag-spolka-z-o-o","tag-zaplata"],"_links":{"self":[{"href":"https:\/\/radcakleszcz.pl\/index.php\/wp-json\/wp\/v2\/posts\/415","targetHints":{"allow":["GET"]}}],"collection":[{"href":"https:\/\/radcakleszcz.pl\/index.php\/wp-json\/wp\/v2\/posts"}],"about":[{"href":"https:\/\/radcakleszcz.pl\/index.php\/wp-json\/wp\/v2\/types\/post"}],"author":[{"embeddable":true,"href":"https:\/\/radcakleszcz.pl\/index.php\/wp-json\/wp\/v2\/users\/4"}],"replies":[{"embeddable":true,"href":"https:\/\/radcakleszcz.pl\/index.php\/wp-json\/wp\/v2\/comments?post=415"}],"version-history":[{"count":1,"href":"https:\/\/radcakleszcz.pl\/index.php\/wp-json\/wp\/v2\/posts\/415\/revisions"}],"predecessor-version":[{"id":416,"href":"https:\/\/radcakleszcz.pl\/index.php\/wp-json\/wp\/v2\/posts\/415\/revisions\/416"}],"wp:attachment":[{"href":"https:\/\/radcakleszcz.pl\/index.php\/wp-json\/wp\/v2\/media?parent=415"}],"wp:term":[{"taxonomy":"category","embeddable":true,"href":"https:\/\/radcakleszcz.pl\/index.php\/wp-json\/wp\/v2\/categories?post=415"},{"taxonomy":"post_tag","embeddable":true,"href":"https:\/\/radcakleszcz.pl\/index.php\/wp-json\/wp\/v2\/tags?post=415"}],"curies":[{"name":"wp","href":"https:\/\/api.w.org\/{rel}","templated":true}]}}