{"id":449,"date":"2025-07-27T21:31:06","date_gmt":"2025-07-27T19:31:06","guid":{"rendered":"https:\/\/radcakleszcz.pl\/?p=449"},"modified":"2025-07-27T21:38:05","modified_gmt":"2025-07-27T19:38:05","slug":"hejt-w-internecie-w-z-punktu-widzenia-prawa-karnego-i-prawa-cywilnego","status":"publish","type":"post","link":"https:\/\/radcakleszcz.pl\/index.php\/hejt-w-internecie-w-z-punktu-widzenia-prawa-karnego-i-prawa-cywilnego\/","title":{"rendered":"Hejt w internecie z punktu widzenia prawa karnego i prawa cywilnego"},"content":{"rendered":"\n<p>Aby w spos\u00f3b mo\u017cliwie najprostszy okre\u015bli\u0107 zjawisko hejtu w internecie, pos\u0142u\u017c\u0119 si\u0119 definicj\u0105 zawart\u0105 na portalu Wikipedia:<\/p>\n\n\n\n<p>&#8222;<strong><em>Hejt internetowy<\/em><\/strong><em> \u2013 zjawisko spo\u0142eczne o charakterze poni\u017caj\u0105cym, obserwowane w \u015brodowisku Internetu (portale spo\u0142eczno\u015bciowe, komentarze pod artyku\u0142ami <\/em><br><em>w serwisach informacyjnych, komunikatory Internetowe etc.). Wed\u0142ug s\u0142ownika j\u0119zyka polskiego jest to obra\u017aliwy i zwykle agresywny komentarz internetowy lub m\u00f3wienie w spos\u00f3b wrogi i agresywny na jaki\u015b temat lub o jakiej\u015b osobie&#8221;.<\/em><\/p>\n\n\n\n<p>Skutki hejtu mog\u0105 by\u0107 bardzo dotkliwe dla os\u00f3b nim dotkni\u0119tych. Pomijaj\u0105c osobiste, traumatyczne prze\u017cycia, hejt mo\u017ce wywo\u0142a\u0107 r\u00f3wnie\u017c konsekwencje typowo ekonomiczne, takie jak np. spowodowana naruszeniem d\u00f3br osobistych przedsi\u0119biorcy utrata kontrahent\u00f3w, a co za tym idzie \u2013 problemy finansowe, lub nawet upad\u0142o\u015b\u0107 firmy.<\/p>\n\n\n\n<p>Nale\u017cy odr\u00f3\u017cni\u0107 sposoby reakcji na hejt na p\u0142aszczy\u017anie karnoprawnej od reakcji na p\u0142aszczy\u017anie cywilnoprawnej.<\/p>\n\n\n\n<h2 class=\"wp-block-heading\">Prawo karne<\/h2>\n\n\n\n<p>W rozumieniu prawa karnego czyny, nazwijmy je roboczo \u201e<em>hejterskie<\/em>\u201d, w zale\u017cno\u015bci od ich charakteru oraz stopnia intensyfikacji, mog\u0105 wype\u0142nia\u0107 znamiona kilku przest\u0119pstw. Nale\u017cy tu wymieni\u0107 przest\u0119pstwa:<\/p>\n\n\n\n<ol class=\"wp-block-list\">\n<li><strong>212 k.k. (znies\u0142awienie)<\/strong><\/li>\n<\/ol>\n\n\n\n<p><em>\u00a7&nbsp; 1. &nbsp;Kto pomawia inn\u0105 osob\u0119, grup\u0119 os\u00f3b, instytucj\u0119, osob\u0119 prawn\u0105 lub jednostk\u0119 organizacyjn\u0105 niemaj\u0105c\u0105 osobowo\u015bci prawnej o takie post\u0119powanie lub w\u0142a\u015bciwo\u015bci, kt\u00f3re mog\u0105 poni\u017cy\u0107 j\u0105 w opinii publicznej lub narazi\u0107 na utrat\u0119 zaufania potrzebnego dla danego stanowiska, zawodu lub rodzaju dzia\u0142alno\u015bci,podlega grzywnie albo karze ograniczenia wolno\u015bci.<\/em><\/p>\n\n\n\n<p><em>\u00a7&nbsp; 2. &nbsp;Je\u017celi sprawca dopuszcza si\u0119 czynu okre\u015blonego w \u00a7 1 za pomoc\u0105 \u015brodk\u00f3w masowego komunikowania,podlega grzywnie, karze ograniczenia wolno\u015bci albo pozbawienia wolno\u015bci do roku.<\/em><\/p>\n\n\n\n<p>(\u2026)<\/p>\n\n\n\n<p>Przest\u0119pstwo \u015bcigane z oskar\u017cenia prywatnego<\/p>\n\n\n\n<p>      2. <strong>216 k.k. (zniewaga)<\/strong><\/p>\n\n\n\n<p><em>\u00a7&nbsp; 1. &nbsp;Kto zniewa\u017ca inn\u0105 osob\u0119 w jej obecno\u015bci albo cho\u0107by pod jej nieobecno\u015b\u0107, lecz publicznie lub w zamiarze, aby zniewaga do osoby tej dotar\u0142a,<\/em> <em>podlega grzywnie albo karze ograniczenia wolno\u015bci.<\/em><\/p>\n\n\n\n<p><em>\u00a7&nbsp; 2. &nbsp;Kto zniewa\u017ca inn\u0105 osob\u0119 za pomoc\u0105 \u015brodk\u00f3w masowego komunikowania,<\/em> <em>podlega grzywnie, karze ograniczenia wolno\u015bci albo pozbawienia wolno\u015bci do roku.<\/em><\/p>\n\n\n\n<p>(\u2026)<\/p>\n\n\n\n<p>Przest\u0119pstwo \u015bcigane z oskar\u017cenia prywatnego<\/p>\n\n\n\n<p>Hejt mo\u017ce przybra\u0107 r\u00f3wnie\u017c posta\u0107 uporczywego n\u0119kania (tzw. stalkingu) lub kradzie\u017cy to\u017csamo\u015bci. Jest to czyn okre\u015blony w art. 190a k.k.<\/p>\n\n\n\n<p><strong>3) 190a k.k. (Uporczywe n\u0119kanie)<\/strong><\/p>\n\n\n\n<p><em>\u00a7&nbsp; 1. &nbsp;Kto przez uporczywe n\u0119kanie innej osoby lub osoby dla niej najbli\u017cszej wzbudza u niej uzasadnione okoliczno\u015bciami poczucie zagro\u017cenia, poni\u017cenia lub udr\u0119czenia lub istotnie narusza jej prywatno\u015b\u0107,<\/em> <em>podlega karze pozbawienia wolno\u015bci od 6 miesi\u0119cy do lat 8.<\/em><\/p>\n\n\n\n<p><em>\u00a7&nbsp; 2. &nbsp;Tej samej karze podlega, kto, podszywaj\u0105c si\u0119 pod inn\u0105 osob\u0119, wykorzystuje jej wizerunek, inne jej dane osobowe lub inne dane, za pomoc\u0105 kt\u00f3rych jest ona publicznie identyfikowana, przez co wyrz\u0105dza jej szkod\u0119 maj\u0105tkow\u0105 lub osobist\u0105.<\/em><\/p>\n\n\n\n<p><em>\u00a7&nbsp; 3. &nbsp;Je\u017celi nast\u0119pstwem czynu okre\u015blonego w \u00a7 1 lub 2 jest targni\u0119cie si\u0119 pokrzywdzonego na w\u0142asne \u017cycie, sprawca podlega karze pozbawienia wolno\u015bci od lat 2 do 15.<\/em><\/p>\n\n\n\n<p>W pierwszych dw\u00f3ch przypadkach pokrzywdzony samodzielnie wnosi do s\u0105du akt oskar\u017cenia. W przypadku trzecim organy \u015bciganie podejmuj\u0105 dzia\u0142anie na wniosek pokrzywdzonego. We wszystkich przypadkach du\u017ce znaczenie ma odpowiednie zabezpieczenie materia\u0142u dowodowego, w tym r\u00f3wnie\u017c zwr\u00f3cenie si\u0119 do administrator\u00f3w stron lub portali internetowych o podj\u0119cie odpowiednich dzia\u0142a\u0144. Mo\u017cliwe jest r\u00f3wnie\u017c notarialne zabezpieczenie dowod\u00f3w poprzez sporz\u0105dzenie protoko\u0142u z otwarcia strony internetowej przez notariusza. Cz\u0119\u015b\u0107 dzia\u0142a\u0144 pokrzywdzony mo\u017ce podj\u0105\u0107 samodzielnie, cz\u0119\u015b\u0107 (np. zabezpieczenie adresu IP sprawcy) podejmuje Policja.<\/p>\n\n\n\n<h2 class=\"wp-block-heading\">Prawo cywilne.<\/h2>\n\n\n\n<p>Je\u017celi natomiast chodzi o kwestie cywilnoprawne, ofiara hejtu mo\u017ce dochodzi\u0107 swoich roszcze\u0144 przede wszystkim na gruncie art. 24 i 24 k.c., dotycz\u0105cych naruszenia d\u00f3br osobistych.<\/p>\n\n\n\n<p>Art.&nbsp; 23. (Dobra osobiste cz\u0142owieka)<\/p>\n\n\n\n<p><em>Dobra osobiste cz\u0142owieka, jak w szczeg\u00f3lno\u015bci zdrowie, wolno\u015b\u0107, cze\u015b\u0107, swoboda sumienia, nazwisko lub pseudonim, wizerunek, tajemnica korespondencji, nietykalno\u015b\u0107 mieszkania, tw\u00f3rczo\u015b\u0107 naukowa, artystyczna, wynalazcza i racjonalizatorska, pozostaj\u0105 pod ochron\u0105 prawa cywilnego niezale\u017cnie od ochrony przewidzianej w innych przepisach.<\/em><\/p>\n\n\n\n<p>Art.&nbsp; 24. k.c.<\/p>\n\n\n\n<p><em>\u00a7&nbsp; 1. &nbsp;Ten, czyje dobro osobiste zostaje zagro\u017cone cudzym dzia\u0142aniem, mo\u017ce \u017c\u0105da\u0107 zaniechania tego dzia\u0142ania, chyba \u017ce nie jest ono bezprawne. W razie dokonanego naruszenia mo\u017ce on tak\u017ce \u017c\u0105da\u0107, a\u017ceby osoba, kt\u00f3ra dopu\u015bci\u0142a si\u0119 naruszenia, dope\u0142ni\u0142a czynno\u015bci potrzebnych do usuni\u0119cia jego skutk\u00f3w, w szczeg\u00f3lno\u015bci a\u017ceby z\u0142o\u017cy\u0142a o\u015bwiadczenie odpowiedniej tre\u015bci i w odpowiedniej formie. Na zasadach przewidzianych w kodeksie mo\u017ce on r\u00f3wnie\u017c \u017c\u0105da\u0107 zado\u015b\u0107uczynienia pieni\u0119\u017cnego albo zap\u0142aty odpowiedniej sumy pieni\u0119\u017cnej na wskazany cel spo\u0142eczny.<\/em><\/p>\n\n\n\n<p><em>\u00a7&nbsp; 2. &nbsp;Je\u017celi wskutek naruszenia dobra osobistego zosta\u0142a wyrz\u0105dzona szkoda maj\u0105tkowa, poszkodowany mo\u017ce \u017c\u0105da\u0107 jej naprawienia na zasadach og\u00f3lnych.<\/em><\/p>\n\n\n\n<p><em>\u00a7&nbsp; 3. &nbsp;Przepisy powy\u017csze nie uchybiaj\u0105 uprawnieniom przewidzianym w innych przepisach, w szczeg\u00f3lno\u015bci w prawie autorskim oraz w prawie wynalazczym.<\/em><\/p>\n\n\n\n<p>Wyst\u0119puj\u0105c do s\u0105du z pozwem mo\u017ce \u017c\u0105da\u0107, przyk\u0142adowo:<\/p>\n\n\n\n<ul class=\"wp-block-list\">\n<li>zado\u015b\u0107uczynienia pieni\u0119\u017cnego za doznan\u0105 krzywd\u0119;<\/li>\n\n\n\n<li>usuni\u0119cia obra\u017aliwych tre\u015bci;<\/li>\n\n\n\n<li>sprostowania fa\u0142szywych informacji;<\/li>\n\n\n\n<li>zaprzestania dalszych narusze\u0144;<\/li>\n\n\n\n<li>przeprosin;<\/li>\n\n\n\n<li>przekazania okre\u015blonej kwoty na cel spo\u0142eczny.&nbsp;<\/li>\n<\/ul>\n\n\n\n<p>R\u00f3wnie\u017c w tym przypadku w\u0142a\u015bciwe zabezpieczenie materia\u0142u dowodowego odgrywa bardzo du\u017c\u0105 rol\u0119. Konieczna jest tak\u017ce odpowiednia ocena skali naruszenia d\u00f3br osobistych oraz w\u0142a\u015bciwe okre\u015blenie wysoko\u015bci \u017c\u0105danego zado\u015b\u0107uczynienia. Wprawdzie w sprawach tego typu wysoko\u015b\u0107 zas\u0105dzanych tytu\u0142em zado\u015b\u0107uczynienia kwot sukcesywnie ro\u015bnie, jednak dochodzona kwota musi by\u0107 kwot\u0105 realn\u0105, znajduj\u0105c\u0105 oparcie w aktualnym orzecznictwie.<\/p>\n\n\n\n<p>Micha\u0142 Kleszcz, radca prawny<\/p>\n\n\n\n<figure class=\"wp-block-image size-large\"><img loading=\"lazy\" decoding=\"async\" width=\"683\" height=\"1024\" src=\"https:\/\/radcakleszcz.pl\/wp-content\/uploads\/2025\/07\/HEJT-683x1024.jpeg\" alt=\"\" class=\"wp-image-450\" srcset=\"https:\/\/radcakleszcz.pl\/wp-content\/uploads\/2025\/07\/HEJT-683x1024.jpeg 683w, https:\/\/radcakleszcz.pl\/wp-content\/uploads\/2025\/07\/HEJT-200x300.jpeg 200w, https:\/\/radcakleszcz.pl\/wp-content\/uploads\/2025\/07\/HEJT-768x1152.jpeg 768w, https:\/\/radcakleszcz.pl\/wp-content\/uploads\/2025\/07\/HEJT.jpeg 1024w\" sizes=\"auto, (max-width: 683px) 100vw, 683px\" \/><\/figure>\n","protected":false},"excerpt":{"rendered":"<p>Aby w spos\u00f3b mo\u017cliwie najprostszy okre\u015bli\u0107 zjawisko hejtu w internecie, pos\u0142u\u017c\u0119 si\u0119 definicj\u0105 zawart\u0105 na portalu Wikipedia: &#8222;Hejt internetowy \u2013 zjawisko spo\u0142eczne o charakterze poni\u017caj\u0105cym, obserwowane w \u015brodowisku Internetu (portale spo\u0142eczno\u015bciowe, komentarze pod artyku\u0142ami w serwisach informacyjnych, komunikatory Internetowe etc.). Wed\u0142ug s\u0142ownika j\u0119zyka polskiego jest to obra\u017aliwy i zwykle agresywny komentarz internetowy lub m\u00f3wienie w [&hellip;]<\/p>\n","protected":false},"author":4,"featured_media":450,"comment_status":"closed","ping_status":"","sticky":false,"template":"","format":"standard","meta":{"site-sidebar-layout":"default","site-content-layout":"","ast-site-content-layout":"","site-content-style":"default","site-sidebar-style":"default","ast-global-header-display":"","ast-banner-title-visibility":"","ast-main-header-display":"","ast-hfb-above-header-display":"","ast-hfb-below-header-display":"","ast-hfb-mobile-header-display":"","site-post-title":"","ast-breadcrumbs-content":"","ast-featured-img":"","footer-sml-layout":"","theme-transparent-header-meta":"","adv-header-id-meta":"","stick-header-meta":"","header-above-stick-meta":"","header-main-stick-meta":"","header-below-stick-meta":"","astra-migrate-meta-layouts":"default","ast-page-background-enabled":"default","ast-page-background-meta":{"desktop":{"background-color":"var(--ast-global-color-5)","background-image":"","background-repeat":"repeat","background-position":"center center","background-size":"auto","background-attachment":"scroll","background-type":"","background-media":"","overlay-type":"","overlay-color":"","overlay-opacity":"","overlay-gradient":""},"tablet":{"background-color":"","background-image":"","background-repeat":"repeat","background-position":"center center","background-size":"auto","background-attachment":"scroll","background-type":"","background-media":"","overlay-type":"","overlay-color":"","overlay-opacity":"","overlay-gradient":""},"mobile":{"background-color":"","background-image":"","background-repeat":"repeat","background-position":"center center","background-size":"auto","background-attachment":"scroll","background-type":"","background-media":"","overlay-type":"","overlay-color":"","overlay-opacity":"","overlay-gradient":""}},"ast-content-background-meta":{"desktop":{"background-color":"var(--ast-global-color-4)","background-image":"","background-repeat":"repeat","background-position":"center center","background-size":"auto","background-attachment":"scroll","background-type":"","background-media":"","overlay-type":"","overlay-color":"","overlay-opacity":"","overlay-gradient":""},"tablet":{"background-color":"var(--ast-global-color-4)","background-image":"","background-repeat":"repeat","background-position":"center center","background-size":"auto","background-attachment":"scroll","background-type":"","background-media":"","overlay-type":"","overlay-color":"","overlay-opacity":"","overlay-gradient":""},"mobile":{"background-color":"var(--ast-global-color-4)","background-image":"","background-repeat":"repeat","background-position":"center center","background-size":"auto","background-attachment":"scroll","background-type":"","background-media":"","overlay-type":"","overlay-color":"","overlay-opacity":"","overlay-gradient":""}},"_themeisle_gutenberg_block_has_review":false,"footnotes":""},"categories":[7,8],"tags":[214,106,105,171,109,108,112,110,113,216,218,215],"class_list":["post-449","post","type-post","status-publish","format-standard","has-post-thumbnail","hentry","category-prawocywilne","category-prawokarne","tag-hejt","tag-prawnik-chrzanow","tag-prawnik-libiaz","tag-prawnik-malopolska","tag-radca-prawny-chrzanow","tag-radca-prawny-libiaz","tag-radca-prawny-malopolska","tag-radca-prawny-oswiecim","tag-radca-prawny-slask","tag-stalking","tag-zniewaga","tag-zniewazenie"],"_links":{"self":[{"href":"https:\/\/radcakleszcz.pl\/index.php\/wp-json\/wp\/v2\/posts\/449","targetHints":{"allow":["GET"]}}],"collection":[{"href":"https:\/\/radcakleszcz.pl\/index.php\/wp-json\/wp\/v2\/posts"}],"about":[{"href":"https:\/\/radcakleszcz.pl\/index.php\/wp-json\/wp\/v2\/types\/post"}],"author":[{"embeddable":true,"href":"https:\/\/radcakleszcz.pl\/index.php\/wp-json\/wp\/v2\/users\/4"}],"replies":[{"embeddable":true,"href":"https:\/\/radcakleszcz.pl\/index.php\/wp-json\/wp\/v2\/comments?post=449"}],"version-history":[{"count":4,"href":"https:\/\/radcakleszcz.pl\/index.php\/wp-json\/wp\/v2\/posts\/449\/revisions"}],"predecessor-version":[{"id":454,"href":"https:\/\/radcakleszcz.pl\/index.php\/wp-json\/wp\/v2\/posts\/449\/revisions\/454"}],"wp:featuredmedia":[{"embeddable":true,"href":"https:\/\/radcakleszcz.pl\/index.php\/wp-json\/wp\/v2\/media\/450"}],"wp:attachment":[{"href":"https:\/\/radcakleszcz.pl\/index.php\/wp-json\/wp\/v2\/media?parent=449"}],"wp:term":[{"taxonomy":"category","embeddable":true,"href":"https:\/\/radcakleszcz.pl\/index.php\/wp-json\/wp\/v2\/categories?post=449"},{"taxonomy":"post_tag","embeddable":true,"href":"https:\/\/radcakleszcz.pl\/index.php\/wp-json\/wp\/v2\/tags?post=449"}],"curies":[{"name":"wp","href":"https:\/\/api.w.org\/{rel}","templated":true}]}}