{"id":466,"date":"2025-09-01T21:41:09","date_gmt":"2025-09-01T19:41:09","guid":{"rendered":"https:\/\/radcakleszcz.pl\/?p=466"},"modified":"2025-09-01T21:41:09","modified_gmt":"2025-09-01T19:41:09","slug":"choroba-psychiczna-a-rozwod","status":"publish","type":"post","link":"https:\/\/radcakleszcz.pl\/index.php\/choroba-psychiczna-a-rozwod\/","title":{"rendered":"Choroba psychiczna a rozw\u00f3d"},"content":{"rendered":"\n<p>Prawo rodzinne ma to do siebie, \u017ce cz\u0119sto argumentacja zawarta w uzasadnieniach bardzo starych, pochodz\u0105cych sprzed kilkudziesi\u0119ciu lat wyrok\u00f3w, zachowuje aktualno\u015b\u0107.<\/p>\n\n\n\n<p><a><\/a>Przyk\u0142adem mo\u017ce by\u0107 uzasadnienie wyroku S\u0105du Najwy\u017cszego z dnia 2 grudnia 1957 r. (sygn. akt I CR 140\/57), w kt\u00f3rym S\u0105d Najwy\u017cszy odni\u00f3s\u0142 si\u0119 do kwestii choroby psychicznej jednego z ma\u0142\u017conk\u00f3w jako przes\u0142anki rozk\u0142adu po\u017cycia.<\/p>\n\n\n\n<p>Czy sam fakt, i\u017c stan psychiki jednego z ma\u0142\u017conk\u00f3w jest chorobliwy, z g\u00f3ry przes\u0105dza o tre\u015bci wyroku ?<\/p>\n\n\n\n<p>Nie. Zgodnie z argumentacj\u0105 zawart\u0105 w uzasadnieniu, choroba psychiczna musi &#8222;pozostawa\u0107 w sprzeczno\u015bci z istot\u0105 i celami ma\u0142\u017ce\u0144stwa&#8221;. Maj\u0105c (&#8230;) podstawy do wniosku, \u017ce stan psychiczny pow\u00f3dki odbiega od stanu normalnego, s\u0105d powinien szczeg\u00f3\u0142owo rozwa\u017cy\u0107 z udzia\u0142em bieg\u0142ego, czy stan ten pozostaje w sprzeczno\u015bci z istot\u0105 i celami ma\u0142\u017ce\u0144stwa, i dopiero na tej podstawie oceni\u0107, czy mo\u017cna go uzna\u0107 za wa\u017cn\u0105 przyczyn\u0119 rozk\u0142adu po\u017cycia ma\u0142\u017ce\u0144skiego stron&#8221;. Innymi s\u0142owy, sam fakt choroby o niczym nie przes\u0105dza, s\u0105d musi dok\u0142adnie pozna\u0107 okoliczno\u015bci sprawy oraz dokona\u0107 oceny opieraj\u0105c si\u0119 o opini\u0119 bieg\u0142ego.<\/p>\n\n\n\n<p>W innym, jeszcze starszym (z dnia 29 lutego 1952 r., sygn. akt C 690\/51), wyroku, S\u0105d Najwy\u017cszy wskaza\u0142, \u017ce &#8222;W wypadku gdy choroba psychiczna jednego z ma\u0142\u017conk\u00f3w sta\u0142a si\u0119 powodem rozk\u0142adu po\u017cycia ma\u0142\u017ce\u0144skiego, fakt celowego zatajenia tej choroby przed zawarciem zwi\u0105zku ma\u0142\u017ce\u0144skiego mo\u017ce uzasadnia\u0107 win\u0119 w spowodowaniu tego rozk\u0142adu&#8221;. Teza ta r\u00f3wnie\u017c zachowa\u0142a aktualno\u015b\u0107 do dnia dzisiejszego.<\/p>\n\n\n\n<p>W jednym z &#8222;m\u0142odszych&#8221; wyrok\u00f3w, tj. wyroku z dnia 23 wrze\u015bnia 1999 r., sygn. akt II UKN 131\/99, S\u0105d Najwy\u017cszy zaj\u0105\u0142 si\u0119 kwesti\u0105 zdolno\u015bci osoby chorej psychicznie do SAMEGO UDZIA\u0141U w post\u0119powaniu w sprawie o rozw\u00f3d, tzn. tym, czy osoba chora psychicznie mo\u017ce si\u0119 rozwie\u015b\u0107.<\/p>\n\n\n\n<p>Zgodnie z uzasadnieniem, &#8222;Choroba i leczenie w poradni zdrowia psychicznego nie uzasadniaj\u0105 przyj\u0119cia braku zdolno\u015bci strony do czynno\u015bci procesowych (art. 65 \u00a7 1 KPC). Choroba taka bowiem nie unicestwia zdolno\u015bci do czynno\u015bci prawnych (art. 12 i 13 KC)&#8221;.<\/p>\n\n\n\n<p>Micha\u0142 Kleszcz<\/p>\n\n\n\n<p><a href=\"https:\/\/l.facebook.com\/l.php?u=http%3A%2F%2Fwww.radcakleszcz.pl%2F%3Ffbclid%3DIwZXh0bgNhZW0CMTAAYnJpZBEwbEtyTFY3VnhaYTRkbzJEcwEeOeX-zOlR1o10j4NGdUCUWnYJtHaDUDQdvgxG0aXujJ7w7XKmQFQhvAnPbbc_aem_0YwFjP035IGW3ZNQNFK_Vw&amp;h=AT2NgVO8Wbuhl4T6gTHIOWICv5rMRY57CqhFm7V-SoNRJyMIcC58A-MR40BLAn4CM_Hg6Yg51c8GEBH7nfmbvopgusyI1dB6AgV_wY6fOD9AacWVtQ1BzZcM5xZ8Eq4z9GjncyArFms4Ci8&amp;__tn__=-UK-R&amp;c[0]=AT2g7O1czMILfXktjNKIpVb2gNCb_6MLBD0uxQ2UWKYhlu4Q20jsUq7SGD5fQaF0LTJDE9jfAOVPU8rb6lTLcokIAYWNS-DpxnzMLAKG3H5-vJzeF3BKC5sR7Swqk_4wsZiqSzDEsdY6b-rEpODNu_JX_MzuXvNU4FzOckE8Ug4\" rel=\"noreferrer noopener\" target=\"_blank\">www.radcakleszcz.pl<\/a><\/p>\n\n\n\n<p>tel. 730109703<\/p>\n\n\n\n<p>.<\/p>\n\n\n\n<figure class=\"wp-block-image size-large\"><img loading=\"lazy\" decoding=\"async\" width=\"1024\" height=\"683\" src=\"https:\/\/radcakleszcz.pl\/wp-content\/uploads\/2025\/09\/Choroba-psychiczna-1024x683.jpeg\" alt=\"\" class=\"wp-image-467\" srcset=\"https:\/\/radcakleszcz.pl\/wp-content\/uploads\/2025\/09\/Choroba-psychiczna-1024x683.jpeg 1024w, https:\/\/radcakleszcz.pl\/wp-content\/uploads\/2025\/09\/Choroba-psychiczna-300x200.jpeg 300w, https:\/\/radcakleszcz.pl\/wp-content\/uploads\/2025\/09\/Choroba-psychiczna-768x512.jpeg 768w, https:\/\/radcakleszcz.pl\/wp-content\/uploads\/2025\/09\/Choroba-psychiczna.jpeg 1536w\" sizes=\"auto, (max-width: 1024px) 100vw, 1024px\" \/><\/figure>\n","protected":false},"excerpt":{"rendered":"<p>Prawo rodzinne ma to do siebie, \u017ce cz\u0119sto argumentacja zawarta w uzasadnieniach bardzo starych, pochodz\u0105cych sprzed kilkudziesi\u0119ciu lat wyrok\u00f3w, zachowuje aktualno\u015b\u0107. Przyk\u0142adem mo\u017ce by\u0107 uzasadnienie wyroku S\u0105du Najwy\u017cszego z dnia 2 grudnia 1957 r. (sygn. akt I CR 140\/57), w kt\u00f3rym S\u0105d Najwy\u017cszy odni\u00f3s\u0142 si\u0119 do kwestii choroby psychicznej jednego z ma\u0142\u017conk\u00f3w jako przes\u0142anki rozk\u0142adu [&hellip;]<\/p>\n","protected":false},"author":4,"featured_media":0,"comment_status":"closed","ping_status":"","sticky":false,"template":"","format":"standard","meta":{"site-sidebar-layout":"default","site-content-layout":"","ast-site-content-layout":"","site-content-style":"default","site-sidebar-style":"default","ast-global-header-display":"","ast-banner-title-visibility":"","ast-main-header-display":"","ast-hfb-above-header-display":"","ast-hfb-below-header-display":"","ast-hfb-mobile-header-display":"","site-post-title":"","ast-breadcrumbs-content":"","ast-featured-img":"","footer-sml-layout":"","theme-transparent-header-meta":"","adv-header-id-meta":"","stick-header-meta":"","header-above-stick-meta":"","header-main-stick-meta":"","header-below-stick-meta":"","astra-migrate-meta-layouts":"default","ast-page-background-enabled":"default","ast-page-background-meta":{"desktop":{"background-color":"var(--ast-global-color-5)","background-image":"","background-repeat":"repeat","background-position":"center center","background-size":"auto","background-attachment":"scroll","background-type":"","background-media":"","overlay-type":"","overlay-color":"","overlay-opacity":"","overlay-gradient":""},"tablet":{"background-color":"","background-image":"","background-repeat":"repeat","background-position":"center center","background-size":"auto","background-attachment":"scroll","background-type":"","background-media":"","overlay-type":"","overlay-color":"","overlay-opacity":"","overlay-gradient":""},"mobile":{"background-color":"","background-image":"","background-repeat":"repeat","background-position":"center center","background-size":"auto","background-attachment":"scroll","background-type":"","background-media":"","overlay-type":"","overlay-color":"","overlay-opacity":"","overlay-gradient":""}},"ast-content-background-meta":{"desktop":{"background-color":"var(--ast-global-color-4)","background-image":"","background-repeat":"repeat","background-position":"center center","background-size":"auto","background-attachment":"scroll","background-type":"","background-media":"","overlay-type":"","overlay-color":"","overlay-opacity":"","overlay-gradient":""},"tablet":{"background-color":"var(--ast-global-color-4)","background-image":"","background-repeat":"repeat","background-position":"center center","background-size":"auto","background-attachment":"scroll","background-type":"","background-media":"","overlay-type":"","overlay-color":"","overlay-opacity":"","overlay-gradient":""},"mobile":{"background-color":"var(--ast-global-color-4)","background-image":"","background-repeat":"repeat","background-position":"center center","background-size":"auto","background-attachment":"scroll","background-type":"","background-media":"","overlay-type":"","overlay-color":"","overlay-opacity":"","overlay-gradient":""}},"_themeisle_gutenberg_block_has_review":false,"footnotes":""},"categories":[103],"tags":[106,105,171,107,109,111,108,112,110,113,190,233,189,192,191,232,234],"class_list":["post-466","post","type-post","status-publish","format-standard","hentry","category-prawo-rodzinne","tag-prawnik-chrzanow","tag-prawnik-libiaz","tag-prawnik-malopolska","tag-prawnik-oswiecim","tag-radca-prawny-chrzanow","tag-radca-prawny-jaworzno","tag-radca-prawny-libiaz","tag-radca-prawny-malopolska","tag-radca-prawny-oswiecim","tag-radca-prawny-slask","tag-rozwod-chrzanow","tag-rozwod-jaworzno","tag-rozwod-libiaz","tag-rozwod-oswiecim","tag-rozwod-trzebinia","tag-rozwod-wadowice","tag-rozwod-zator"],"_links":{"self":[{"href":"https:\/\/radcakleszcz.pl\/index.php\/wp-json\/wp\/v2\/posts\/466","targetHints":{"allow":["GET"]}}],"collection":[{"href":"https:\/\/radcakleszcz.pl\/index.php\/wp-json\/wp\/v2\/posts"}],"about":[{"href":"https:\/\/radcakleszcz.pl\/index.php\/wp-json\/wp\/v2\/types\/post"}],"author":[{"embeddable":true,"href":"https:\/\/radcakleszcz.pl\/index.php\/wp-json\/wp\/v2\/users\/4"}],"replies":[{"embeddable":true,"href":"https:\/\/radcakleszcz.pl\/index.php\/wp-json\/wp\/v2\/comments?post=466"}],"version-history":[{"count":1,"href":"https:\/\/radcakleszcz.pl\/index.php\/wp-json\/wp\/v2\/posts\/466\/revisions"}],"predecessor-version":[{"id":468,"href":"https:\/\/radcakleszcz.pl\/index.php\/wp-json\/wp\/v2\/posts\/466\/revisions\/468"}],"wp:attachment":[{"href":"https:\/\/radcakleszcz.pl\/index.php\/wp-json\/wp\/v2\/media?parent=466"}],"wp:term":[{"taxonomy":"category","embeddable":true,"href":"https:\/\/radcakleszcz.pl\/index.php\/wp-json\/wp\/v2\/categories?post=466"},{"taxonomy":"post_tag","embeddable":true,"href":"https:\/\/radcakleszcz.pl\/index.php\/wp-json\/wp\/v2\/tags?post=466"}],"curies":[{"name":"wp","href":"https:\/\/api.w.org\/{rel}","templated":true}]}}