{"id":469,"date":"2025-09-02T10:21:13","date_gmt":"2025-09-02T08:21:13","guid":{"rendered":"https:\/\/radcakleszcz.pl\/?p=469"},"modified":"2025-09-02T10:22:09","modified_gmt":"2025-09-02T08:22:09","slug":"windykacja-wierzytelnosci-branza-motoryzacyjna-wezwanie-do-zaplaty","status":"publish","type":"post","link":"https:\/\/radcakleszcz.pl\/index.php\/windykacja-wierzytelnosci-branza-motoryzacyjna-wezwanie-do-zaplaty\/","title":{"rendered":"Windykacja d\u0142ug\u00f3w &#8211; bran\u017ca motoryzacyjna. Wezwanie do zap\u0142aty."},"content":{"rendered":"\n<p>Prowadzenie dzia\u0142alno\u015bci us\u0142ugowej wi\u0105\u017ce si\u0119 z ryzykiem trafienia na nieuczciwego kontrahenta. Dotyczy to wielu bran\u017c, w tym bran\u017cy motoryzacyjnej.<\/p>\n\n\n\n<p><a><\/a>Przyk\u0142adowe sytuacje z \u017cycia wzi\u0119te:<\/p>\n\n\n\n<p><img loading=\"lazy\" decoding=\"async\" height=\"16\" width=\"16\" alt=\"\u27a1\" src=\"https:\/\/static.xx.fbcdn.net\/images\/emoji.php\/v9\/t9e\/1\/16\/27a1.png\"> komis samochodowy sprzeda\u0142 pojazd, p\u0142atno\u015b\u0107 cz\u0119\u015bci ceny zosta\u0142a odroczona, po up\u0142ywie terminu p\u0142atno\u015bci klient nie odbiera telefonu i unika kontaktu;<\/p>\n\n\n\n<p><img loading=\"lazy\" decoding=\"async\" height=\"16\" width=\"16\" alt=\"\u27a1\" src=\"https:\/\/static.xx.fbcdn.net\/images\/emoji.php\/v9\/t9e\/1\/16\/27a1.png\"> warsztat mechaniczny naprawi\u0142 silnik za kilkana\u015bcie tysi\u0119cy z\u0142otych, a w\u0142a\u015bciciel auta znikn\u0105\u0142 nie p\u0142ac\u0105c za us\u0142ug\u0119;<\/p>\n\n\n\n<p><img loading=\"lazy\" decoding=\"async\" height=\"16\" width=\"16\" alt=\"\u27a1\" src=\"https:\/\/static.xx.fbcdn.net\/images\/emoji.php\/v9\/t9e\/1\/16\/27a1.png\"> stacja diagnostyczna wykona\u0142a przegl\u0105d floty pojazd\u00f3w dla firmy transportowej, faktura nie zosta\u0142a uregulowana;<\/p>\n\n\n\n<p><img loading=\"lazy\" decoding=\"async\" height=\"16\" width=\"16\" alt=\"\u27a1\" src=\"https:\/\/static.xx.fbcdn.net\/images\/emoji.php\/v9\/t9e\/1\/16\/27a1.png\"> zak\u0142ad wulkanizacyjny wymieni\u0142 opony w kilkunastu samochodach nale\u017c\u0105cych do zak\u0142adu pogrzebowego, nie otrzyma\u0142 zap\u0142aty;.<\/p>\n\n\n\n<p><img loading=\"lazy\" decoding=\"async\" height=\"16\" width=\"16\" alt=\"\u27a1\" src=\"https:\/\/static.xx.fbcdn.net\/images\/emoji.php\/v9\/t9e\/1\/16\/27a1.png\"> hurtownia cz\u0119\u015bci samochodowych wys\u0142a\u0142a zam\u00f3wienie o du\u017cej warto\u015bci, a odbiorca (sklep motoryzacyjny) nie p\u0142aci;.<\/p>\n\n\n\n<p><img loading=\"lazy\" decoding=\"async\" height=\"16\" width=\"16\" alt=\"\u27a1\" src=\"https:\/\/static.xx.fbcdn.net\/images\/emoji.php\/v9\/t9e\/1\/16\/27a1.png\"> firma zajmuj\u0105ca si\u0119 lakiernictwem wykona\u0142a us\u0142ug\u0119 dla innego podmiotu z bran\u017cy \u2013 brak p\u0142atno\u015bci.<\/p>\n\n\n\n<p>Proces windykacji nale\u017cno\u015bci rozpoczynamy, na etapie przeds\u0105dowym, od profesjonalnego wezwania do zap\u0142aty. W wi\u0119kszo\u015bci przypadk\u00f3w ju\u017c na tym etapie udaje si\u0119 odzyska\u0107 pieni\u0105dze. Skierowanie do d\u0142u\u017cnika informacji, \u017ce prawnik podj\u0105\u0142 ju\u017c dzia\u0142ania w sprawie, cz\u0119sto dzia\u0142a mobilizuj\u0105co.<\/p>\n\n\n\n<p>Opr\u00f3cz windykacji wierzytelno\u015bci \u015bwiadczymy r\u00f3wnie\u017c szeroki zakres us\u0142ug prawnych dla bran\u017cy motoryzacyjnej, m.in.:<\/p>\n\n\n\n<p><img loading=\"lazy\" decoding=\"async\" height=\"16\" width=\"16\" alt=\"\u2714\" src=\"https:\/\/static.xx.fbcdn.net\/images\/emoji.php\/v9\/t51\/1\/16\/2714.png\"> przygotowywanie i analiza um\u00f3w (sprzeda\u017cy, serwisowych, wsp\u00f3\u0142pracy);<\/p>\n\n\n\n<p><img loading=\"lazy\" decoding=\"async\" height=\"16\" width=\"16\" alt=\"\u2714\" src=\"https:\/\/static.xx.fbcdn.net\/images\/emoji.php\/v9\/t51\/1\/16\/2714.png\"> obs\u0142uga prawna komis\u00f3w, warsztat\u00f3w, hurtowni;<\/p>\n\n\n\n<p><img loading=\"lazy\" decoding=\"async\" height=\"16\" width=\"16\" alt=\"\u2714\" src=\"https:\/\/static.xx.fbcdn.net\/images\/emoji.php\/v9\/t51\/1\/16\/2714.png\"> reprezentacja we wszelkich sporach z klientami i kontrahentami.<\/p>\n\n\n\n<p><img loading=\"lazy\" decoding=\"async\" height=\"16\" width=\"16\" alt=\"\u2714\" src=\"https:\/\/static.xx.fbcdn.net\/images\/emoji.php\/v9\/t51\/1\/16\/2714.png\"> doradztwo w zakresie reklamacji, r\u0119kojmi i gwarancji.<\/p>\n\n\n\n<p><img loading=\"lazy\" decoding=\"async\" height=\"16\" width=\"16\" alt=\"\u2714\" src=\"https:\/\/static.xx.fbcdn.net\/images\/emoji.php\/v9\/t51\/1\/16\/2714.png\"> reprezentacja w sporach dotycz\u0105cych pojazd\u00f3w sprowadzanych z zagranicy.<\/p>\n\n\n\n<p>Zapraszam do kontaktu. Koszt godzinnej konsultacji to 200 z\u0142 netto.<\/p>\n\n\n\n<p>Micha\u0142 Kleszcz<\/p>\n\n\n\n<p>radca prawny<\/p>\n\n\n\n<p><a href=\"https:\/\/l.facebook.com\/l.php?u=http%3A%2F%2Fwww.radcakleszcz.pl%2F%3Ffbclid%3DIwZXh0bgNhZW0CMTAAYnJpZBEwbEtyTFY3VnhaYTRkbzJEcwEeGgo2eNjZCAZkm0fgv8Ujf9ro5903DTw5p7K6m_4F8pMYIPnvrNXdYBvT3cY_aem_pqa62TirHyT_UlesTcjSYA&amp;h=AT1oT-tAN4HAkVFiib8iyKjYG99mkZ-x71S-O665ZqPyv6einz_8eA0IVs2bnGf6ZTCjup2ie6mKEgii1Q-s7iXj_c4vc2Gf_xGVlMRxxXYpbYcaxXFBPHZmDftv1Noxh9aCrwyzFArcqQ&amp;__tn__=-UK-R&amp;c[0]=AT1xhKzAg3ruThvKSKroo2LxuDZXWP-RuKtWXEIXwXDi8rjSI7-J4XqnKNH-zKBOlx982OdRF2yLvfG3ej2Mdo4Se-hV7X9XtJWIxSAGAkiIZ5YL4vr3oeFo0frJg7Bp8nB5ZBUqWnBjj4y58siVBGPvg-pe4HEYeVQ_mTTcGZxkoLdVJkrA705THtBAS-zZRTBVMrgwNw3ruKHo7prAAlIBNBNLcA\" rel=\"noreferrer noopener\" target=\"_blank\">www.radcakleszcz.pl<\/a><\/p>\n\n\n\n<p>michalkleszcz@radcakleszcz.pl<\/p>\n\n\n\n<figure class=\"wp-block-image size-large\"><img loading=\"lazy\" decoding=\"async\" width=\"1024\" height=\"683\" src=\"https:\/\/radcakleszcz.pl\/wp-content\/uploads\/2025\/09\/wezwania_moto-1024x683.jpg\" alt=\"\" class=\"wp-image-470\" srcset=\"https:\/\/radcakleszcz.pl\/wp-content\/uploads\/2025\/09\/wezwania_moto-1024x683.jpg 1024w, https:\/\/radcakleszcz.pl\/wp-content\/uploads\/2025\/09\/wezwania_moto-300x200.jpg 300w, https:\/\/radcakleszcz.pl\/wp-content\/uploads\/2025\/09\/wezwania_moto-768x512.jpg 768w, https:\/\/radcakleszcz.pl\/wp-content\/uploads\/2025\/09\/wezwania_moto.jpg 1080w\" sizes=\"auto, (max-width: 1024px) 100vw, 1024px\" \/><\/figure>\n","protected":false},"excerpt":{"rendered":"<p>Prowadzenie dzia\u0142alno\u015bci us\u0142ugowej wi\u0105\u017ce si\u0119 z ryzykiem trafienia na nieuczciwego kontrahenta. Dotyczy to wielu bran\u017c, w tym bran\u017cy motoryzacyjnej. Przyk\u0142adowe sytuacje z \u017cycia wzi\u0119te: komis samochodowy sprzeda\u0142 pojazd, p\u0142atno\u015b\u0107 cz\u0119\u015bci ceny zosta\u0142a odroczona, po up\u0142ywie terminu p\u0142atno\u015bci klient nie odbiera telefonu i unika kontaktu; warsztat mechaniczny naprawi\u0142 silnik za kilkana\u015bcie tysi\u0119cy z\u0142otych, a w\u0142a\u015bciciel auta [&hellip;]<\/p>\n","protected":false},"author":4,"featured_media":0,"comment_status":"closed","ping_status":"","sticky":false,"template":"","format":"standard","meta":{"site-sidebar-layout":"default","site-content-layout":"","ast-site-content-layout":"","site-content-style":"default","site-sidebar-style":"default","ast-global-header-display":"","ast-banner-title-visibility":"","ast-main-header-display":"","ast-hfb-above-header-display":"","ast-hfb-below-header-display":"","ast-hfb-mobile-header-display":"","site-post-title":"","ast-breadcrumbs-content":"","ast-featured-img":"","footer-sml-layout":"","theme-transparent-header-meta":"","adv-header-id-meta":"","stick-header-meta":"","header-above-stick-meta":"","header-main-stick-meta":"","header-below-stick-meta":"","astra-migrate-meta-layouts":"default","ast-page-background-enabled":"default","ast-page-background-meta":{"desktop":{"background-color":"var(--ast-global-color-5)","background-image":"","background-repeat":"repeat","background-position":"center center","background-size":"auto","background-attachment":"scroll","background-type":"","background-media":"","overlay-type":"","overlay-color":"","overlay-opacity":"","overlay-gradient":""},"tablet":{"background-color":"","background-image":"","background-repeat":"repeat","background-position":"center center","background-size":"auto","background-attachment":"scroll","background-type":"","background-media":"","overlay-type":"","overlay-color":"","overlay-opacity":"","overlay-gradient":""},"mobile":{"background-color":"","background-image":"","background-repeat":"repeat","background-position":"center center","background-size":"auto","background-attachment":"scroll","background-type":"","background-media":"","overlay-type":"","overlay-color":"","overlay-opacity":"","overlay-gradient":""}},"ast-content-background-meta":{"desktop":{"background-color":"var(--ast-global-color-4)","background-image":"","background-repeat":"repeat","background-position":"center center","background-size":"auto","background-attachment":"scroll","background-type":"","background-media":"","overlay-type":"","overlay-color":"","overlay-opacity":"","overlay-gradient":""},"tablet":{"background-color":"var(--ast-global-color-4)","background-image":"","background-repeat":"repeat","background-position":"center center","background-size":"auto","background-attachment":"scroll","background-type":"","background-media":"","overlay-type":"","overlay-color":"","overlay-opacity":"","overlay-gradient":""},"mobile":{"background-color":"var(--ast-global-color-4)","background-image":"","background-repeat":"repeat","background-position":"center center","background-size":"auto","background-attachment":"scroll","background-type":"","background-media":"","overlay-type":"","overlay-color":"","overlay-opacity":"","overlay-gradient":""}},"_themeisle_gutenberg_block_has_review":false,"footnotes":""},"categories":[7,104],"tags":[237,238,240,106,105,171,107,239,108,112,110,113,236,241,235],"class_list":["post-469","post","type-post","status-publish","format-standard","hentry","category-prawocywilne","category-prawo-gospodarcze-i-handlowe","tag-gwarancja","tag-komis","tag-libiaz-prawnik","tag-prawnik-chrzanow","tag-prawnik-libiaz","tag-prawnik-malopolska","tag-prawnik-oswiecim","tag-prawo-motoryzacja","tag-radca-prawny-libiaz","tag-radca-prawny-malopolska","tag-radca-prawny-oswiecim","tag-radca-prawny-slask","tag-rekojmia","tag-wadowice-prawnik","tag-wezwanie-do-zaplaty"],"_links":{"self":[{"href":"https:\/\/radcakleszcz.pl\/index.php\/wp-json\/wp\/v2\/posts\/469","targetHints":{"allow":["GET"]}}],"collection":[{"href":"https:\/\/radcakleszcz.pl\/index.php\/wp-json\/wp\/v2\/posts"}],"about":[{"href":"https:\/\/radcakleszcz.pl\/index.php\/wp-json\/wp\/v2\/types\/post"}],"author":[{"embeddable":true,"href":"https:\/\/radcakleszcz.pl\/index.php\/wp-json\/wp\/v2\/users\/4"}],"replies":[{"embeddable":true,"href":"https:\/\/radcakleszcz.pl\/index.php\/wp-json\/wp\/v2\/comments?post=469"}],"version-history":[{"count":2,"href":"https:\/\/radcakleszcz.pl\/index.php\/wp-json\/wp\/v2\/posts\/469\/revisions"}],"predecessor-version":[{"id":472,"href":"https:\/\/radcakleszcz.pl\/index.php\/wp-json\/wp\/v2\/posts\/469\/revisions\/472"}],"wp:attachment":[{"href":"https:\/\/radcakleszcz.pl\/index.php\/wp-json\/wp\/v2\/media?parent=469"}],"wp:term":[{"taxonomy":"category","embeddable":true,"href":"https:\/\/radcakleszcz.pl\/index.php\/wp-json\/wp\/v2\/categories?post=469"},{"taxonomy":"post_tag","embeddable":true,"href":"https:\/\/radcakleszcz.pl\/index.php\/wp-json\/wp\/v2\/tags?post=469"}],"curies":[{"name":"wp","href":"https:\/\/api.w.org\/{rel}","templated":true}]}}