{"id":475,"date":"2025-09-02T16:34:02","date_gmt":"2025-09-02T14:34:02","guid":{"rendered":"https:\/\/radcakleszcz.pl\/?p=475"},"modified":"2025-09-02T16:41:40","modified_gmt":"2025-09-02T14:41:40","slug":"rozwod-brak-zgody-wspolmalzonka","status":"publish","type":"post","link":"https:\/\/radcakleszcz.pl\/index.php\/rozwod-brak-zgody-wspolmalzonka\/","title":{"rendered":"Rozw\u00f3d. Brak zgody wsp\u00f3\u0142ma\u0142\u017conka."},"content":{"rendered":"\n<figure class=\"wp-block-image size-large\"><img loading=\"lazy\" decoding=\"async\" width=\"1024\" height=\"683\" src=\"https:\/\/radcakleszcz.pl\/wp-content\/uploads\/2025\/09\/Rozwod_brak_zgody-1024x683.jpeg\" alt=\"\" class=\"wp-image-481\" srcset=\"https:\/\/radcakleszcz.pl\/wp-content\/uploads\/2025\/09\/Rozwod_brak_zgody-1024x683.jpeg 1024w, https:\/\/radcakleszcz.pl\/wp-content\/uploads\/2025\/09\/Rozwod_brak_zgody-300x200.jpeg 300w, https:\/\/radcakleszcz.pl\/wp-content\/uploads\/2025\/09\/Rozwod_brak_zgody-768x512.jpeg 768w, https:\/\/radcakleszcz.pl\/wp-content\/uploads\/2025\/09\/Rozwod_brak_zgody.jpeg 1536w\" sizes=\"auto, (max-width: 1024px) 100vw, 1024px\" \/><\/figure>\n\n\n\n<p>Cz\u0119sto zdarza si\u0119, \u017ce ma\u0142\u017conek, kt\u00f3ry chce wyst\u0105pi\u0107 z pozwem o rozw\u00f3d, s\u0142yszy od drugiego ma\u0142\u017conka, \u017ce ten \u201enie da mu rozwodu\u201d lub \u201ezrobi wszystko, by nie da\u0107 mu rozwodu\u201d. Czy naprawd\u0119 ma tak\u0105 mo\u017cliwo\u015b\u0107?<\/p>\n\n\n\n<p>W post\u0119powaniu o rozw\u00f3d s\u0105d bada przede wszystkim to, czy nast\u0105pi\u0142 zupe\u0142ny i trwa\u0142y rozk\u0142ad po\u017cycia. W trzech sferach: duchowej, fizycznej i gospodarczej. Je\u017celi ten rozk\u0142ad nast\u0105pi\u0142, s\u0105d orzeka rozw\u00f3d. Kilkakrotnie na rozprawie spotka\u0142em si\u0119 z tak\u0105 sytuacj\u0105, \u017ce jeden z ma\u0142\u017conk\u00f3w zg\u0142asza\u0142, i\u017c rozwodu nie chce, dalej kocha drugiego ma\u0142\u017conka i \u017ce na rozw\u00f3d si\u0119 nie godzi \u2013 mimo tego s\u0105d finalnie rozw\u00f3d orzeka\u0142 argumentuj\u0105c, \u017ce nie mo\u017cna nikogo zmusi\u0107 do \u201emi\u0142o\u015bci i ma\u0142\u017ce\u0144stwa\u201d.<\/p>\n\n\n\n<p>Nale\u017cy mie\u0107 jednak na uwadze art. 56 \u00a7 2 i 3 Kodeksu rodzinnego i opieku\u0144czego, kt\u00f3re wprowadzaj\u0105 pewne ograniczenia.<\/p>\n\n\n\n<p>Zgodnie z art. 56 \u00a7 2 \u201eJednak\u017ce mimo zupe\u0142nego i trwa\u0142ego rozk\u0142adu po\u017cycia rozw\u00f3d nie jest dopuszczalny, je\u017celi wskutek niego mia\u0142oby ucierpie\u0107 dobro wsp\u00f3lnych ma\u0142oletnich dzieci ma\u0142\u017conk\u00f3w albo je\u017celi z innych wzgl\u0119d\u00f3w orzeczenie rozwodu by\u0142oby sprzeczne z zasadami wsp\u00f3\u0142\u017cycia spo\u0142ecznego\u201d.<\/p>\n\n\n\n<p>Istotne s\u0105 zatem dwie kwestie:<\/p>\n\n\n\n<p>a) dobro wsp\u00f3lnych ma\u0142oletnich dzieci;<\/p>\n\n\n\n<p>b) zasady wsp\u00f3\u0142\u017cycia spo\u0142ecznego.<\/p>\n\n\n\n<p>ad a)<\/p>\n\n\n\n<p>poj\u0119cie \u201edobra dziecka\u201d jest poj\u0119ciem ocennym. Generalnie, orzeczenia oddalaj\u0105ce pow\u00f3dztwo w sprawie o rozw\u00f3d z uwagi na dobro dziecka s\u0105 rzadkie. Przyk\u0142adowo, sam aspekt ekonomiczny,<\/p>\n\n\n\n<p>tj. pogorszenie si\u0119 sytuacji materialnej dziecka z powodu rozwodu rodzic\u00f3w, nie mo\u017ce stanowi\u0107 przeszkody w jego orzeczeniu (por. wyrok S\u0105du Najwy\u017cszego z dnia 17 grudnia 1999 r., sygn. akt III CKN 850\/99);<\/p>\n\n\n\n<p>ad. b)<\/p>\n\n\n\n<p>zasady wsp\u00f3\u0142\u017cycia spo\u0142ecznego stanowi\u0105 klauzul\u0119 generaln\u0105, na kt\u00f3r\u0105 sk\u0142adaj\u0105 si\u0119 normy pozaprawne, regu\u0142y odwo\u0142uj\u0105ce si\u0119 do moralno\u015bci, zasad powszechnie akceptowanych w spo\u0142ecze\u0144stwie. Przyk\u0142adowo, w uzasadnieniu wyroku z dnia 9 pa\u017adziernika 1998 r., sygn. akt III CKN 573\/98 S\u0105d Najwy\u017cszy wskaza\u0142: \u201ePrzepis art. 56 \u00a7 2 zd. ostatnie k.r.o. przewiduje niedopuszczalno\u015b\u0107 orzeczenia rozwodu, je\u017celi orzeczenie rozwodu by\u0142oby sprzeczne z zasadami wsp\u00f3\u0142\u017cycia spo\u0142ecznego. W danym wypadku w gr\u0119 mo\u017ce wchodzi\u0107 interes i dobro wsp\u00f3\u0142ma\u0142\u017conka lub innych os\u00f3b. Np. orzeczenie rozwodu mo\u017ce okaza\u0107 si\u0119 sprzeczne z zasadami wsp\u00f3\u0142\u017cycia spo\u0142ecznego zw\u0142aszcza w\u00f3wczas, gdy jedno z ma\u0142\u017conk\u00f3w jest nieuleczalnie chore, wymaga pomocy i rozw\u00f3d dla niego stanowi ra\u017c\u0105c\u0105 krzywd\u0119. Niekiedy przeciwko udzieleniu rozwodu mog\u0105 przemawia\u0107 wzgl\u0119dy natury spo\u0142eczno-wychowawczej, kt\u00f3re nie pozwalaj\u0105, by orzeczenie rozwodu sankcjonowa\u0142o stan faktyczny powsta\u0142y na tle z\u0142o\u015bliwego stosunku do wsp\u00f3\u0142ma\u0142\u017conka albo na tle innych przejaw\u00f3w lekcewa\u017cenia ma\u0142\u017ce\u0144stwa i rodziny\u201d.<\/p>\n\n\n\n<p>Je\u017celi chodzi natomiast o art. 56 \u00a7 3 k.r.o., to, zgodnie z jego tre\u015bci\u0105: \u201eRozw\u00f3d nie jest r\u00f3wnie\u017c dopuszczalny, je\u017celi \u017c\u0105da go ma\u0142\u017conek wy\u0142\u0105cznie winny rozk\u0142adu po\u017cycia, chyba \u017ce drugi ma\u0142\u017conek wyrazi zgod\u0119 na rozw\u00f3d albo \u017ce odmowa jego zgody na rozw\u00f3d jest w danych okoliczno\u015bciach sprzeczna z zasadami wsp\u00f3\u0142\u017cycia spo\u0142ecznego\u201d.<\/p>\n\n\n\n<p>Istotn\u0105 rol\u0119 odgrywa tutaj wy\u0142\u0105czna wina w rozk\u0142adzie po\u017cycia \u2013 w tej sytuacji odmowa zgody na rozw\u00f3d wyra\u017cona przez drugiego ma\u0142\u017conka ma znaczenie, chyba \u017ce, przywo\u0142ane ju\u017c wy\u017cej zasady wsp\u00f3\u0142\u017cycia spo\u0142ecznego stoj\u0105 na przeszkodzie oddaleniu pow\u00f3dztwa. Przyk\u0142adowo, S\u0105d Apelacyjny w Katowicach, w wyroku z dnia 22 sierpnia 2018 r. sygn. akt V ACa 589\/17 wskaza\u0142, \u017ce \u201eSprzeczna z zasadami wsp\u00f3\u0142\u017cycia spo\u0142ecznego jest odmowa wyra\u017cenia zgody na rozw\u00f3d, w sytuacji, gdy mi\u0119dzy ma\u0142\u017conkami nie istnieje \u017cadna wi\u0119\u017a emocjonalna, jak te\u017c nie pozostaj\u0105 ze sob\u0105 od wielu lat w kontakcie, a jeden |z ma\u0142\u017conk\u00f3w d\u0105\u017cy do sformalizowania kilkuletniego zwi\u0105zku z inn\u0105 osob\u0105\u201d. W mojej ocenie, s\u0105d dokona\u0142 oceny zgodnej do\u015bwiadczeniem \u017cyciowym, kt\u00f3ra wyrazi\u0142a si\u0119 w odmowie zgody na utrzymywanie \u201ena si\u0142\u0119\u201d , kt\u00f3re od lat istnia\u0142o jedynie \u201ena papierze\u201d.<\/p>\n\n\n\n<p>Zatem, je\u017celi dobro dziecka i zasady wsp\u00f3\u0142\u017cycia spo\u0142ecznego nie sprzeciwiaj\u0105 si\u0119 orzeczeniu rozwodu, \u017c\u0105da go ma\u0142\u017conek kt\u00f3ry nie jest wy\u0142\u0105cznie winny rozk\u0142adu po\u017cycia to s\u0105d, w przypadku jego zupe\u0142nego i trwa\u0142ego rozk\u0142adu, rozw\u00f3d orzeknie.<\/p>\n\n\n\n<p>Micha\u0142 Kleszcz<\/p>\n\n\n\n<p>radca prawny<\/p>\n\n\n\n<p><a href=\"https:\/\/l.facebook.com\/l.php?u=http%3A%2F%2Fwww.radcakleszcz.pl%2F%3Ffbclid%3DIwZXh0bgNhZW0CMTAAYnJpZBEwbHpBSTF4UHh5WDN1c2ZPRAEeF8XAjGlQP_ndAhZbASKJenElOhHIP53T7bj2yyGZnnsHUjGiyrjYkiUIq0Q_aem_0cIxOSA8KUsn1y2lv2xdCQ&amp;h=AT0EZ1eEb8U6Nocz3slS1u06I36dN4hlRKXdoCDAObAgMCSEV2mYUIvLiPMl_YfSEmItZBCJ9XXDz0Y_va99tUW3d7OEDsOefw_nZA3-Gg7UHO-v4j6M08M-gCkC5OnMHI3TYZ1nWKWdzxk&amp;__tn__=-UK-R&amp;c[0]=AT3bOUkDrEAf8IIPLrjG_CotDGZ2jhqllAKVPKvo_9FJClOIb1LIPRHhm4Vw1CLCUEdNeeLuNE3z1n0Lat1pUIBvwrN63760tYjP94vAfOa0BR0x8xD9hp6hWuFmLGJXLhv0_rchYqTe4YI0MnApYVcouWJ0crME0yii6ZfdLB2lJzdzIq4Gxxv5b3M6EhetSDE6FXGBS2QnQqyAkq3T5y5qw4dcHQ\" rel=\"noreferrer noopener\" target=\"_blank\">www.radcakleszcz.pl<\/a><\/p>\n\n\n\n<p>tel. 730109703<\/p>\n\n\n\n<p><\/p>\n","protected":false},"excerpt":{"rendered":"<p>Cz\u0119sto zdarza si\u0119, \u017ce ma\u0142\u017conek, kt\u00f3ry chce wyst\u0105pi\u0107 z pozwem o rozw\u00f3d, s\u0142yszy od drugiego ma\u0142\u017conka, \u017ce ten \u201enie da mu rozwodu\u201d lub \u201ezrobi wszystko, by nie da\u0107 mu rozwodu\u201d. Czy naprawd\u0119 ma tak\u0105 mo\u017cliwo\u015b\u0107? W post\u0119powaniu o rozw\u00f3d s\u0105d bada przede wszystkim to, czy nast\u0105pi\u0142 zupe\u0142ny i trwa\u0142y rozk\u0142ad po\u017cycia. W trzech sferach: duchowej, [&hellip;]<\/p>\n","protected":false},"author":4,"featured_media":0,"comment_status":"closed","ping_status":"","sticky":false,"template":"","format":"standard","meta":{"site-sidebar-layout":"default","site-content-layout":"","ast-site-content-layout":"","site-content-style":"default","site-sidebar-style":"default","ast-global-header-display":"","ast-banner-title-visibility":"","ast-main-header-display":"","ast-hfb-above-header-display":"","ast-hfb-below-header-display":"","ast-hfb-mobile-header-display":"","site-post-title":"","ast-breadcrumbs-content":"","ast-featured-img":"","footer-sml-layout":"","theme-transparent-header-meta":"","adv-header-id-meta":"","stick-header-meta":"","header-above-stick-meta":"","header-main-stick-meta":"","header-below-stick-meta":"","astra-migrate-meta-layouts":"default","ast-page-background-enabled":"default","ast-page-background-meta":{"desktop":{"background-color":"var(--ast-global-color-5)","background-image":"","background-repeat":"repeat","background-position":"center center","background-size":"auto","background-attachment":"scroll","background-type":"","background-media":"","overlay-type":"","overlay-color":"","overlay-opacity":"","overlay-gradient":""},"tablet":{"background-color":"","background-image":"","background-repeat":"repeat","background-position":"center center","background-size":"auto","background-attachment":"scroll","background-type":"","background-media":"","overlay-type":"","overlay-color":"","overlay-opacity":"","overlay-gradient":""},"mobile":{"background-color":"","background-image":"","background-repeat":"repeat","background-position":"center center","background-size":"auto","background-attachment":"scroll","background-type":"","background-media":"","overlay-type":"","overlay-color":"","overlay-opacity":"","overlay-gradient":""}},"ast-content-background-meta":{"desktop":{"background-color":"var(--ast-global-color-4)","background-image":"","background-repeat":"repeat","background-position":"center center","background-size":"auto","background-attachment":"scroll","background-type":"","background-media":"","overlay-type":"","overlay-color":"","overlay-opacity":"","overlay-gradient":""},"tablet":{"background-color":"var(--ast-global-color-4)","background-image":"","background-repeat":"repeat","background-position":"center center","background-size":"auto","background-attachment":"scroll","background-type":"","background-media":"","overlay-type":"","overlay-color":"","overlay-opacity":"","overlay-gradient":""},"mobile":{"background-color":"var(--ast-global-color-4)","background-image":"","background-repeat":"repeat","background-position":"center center","background-size":"auto","background-attachment":"scroll","background-type":"","background-media":"","overlay-type":"","overlay-color":"","overlay-opacity":"","overlay-gradient":""}},"_themeisle_gutenberg_block_has_review":false,"footnotes":""},"categories":[103],"tags":[194,193,250,106,105,251,160,109,108,190,189,192,232,213,212],"class_list":["post-475","post","type-post","status-publish","format-standard","hentry","category-prawo-rodzinne","tag-alimenty-chrzanow","tag-alimenty-libiaz","tag-chrzanow-sad","tag-prawnik-chrzanow","tag-prawnik-libiaz","tag-prawnik-sucha-beskidzka","tag-prawnik-wadowice","tag-radca-prawny-chrzanow","tag-radca-prawny-libiaz","tag-rozwod-chrzanow","tag-rozwod-libiaz","tag-rozwod-oswiecim","tag-rozwod-wadowice","tag-rozwody-chrzanow","tag-rozwody-libiaz"],"_links":{"self":[{"href":"https:\/\/radcakleszcz.pl\/index.php\/wp-json\/wp\/v2\/posts\/475","targetHints":{"allow":["GET"]}}],"collection":[{"href":"https:\/\/radcakleszcz.pl\/index.php\/wp-json\/wp\/v2\/posts"}],"about":[{"href":"https:\/\/radcakleszcz.pl\/index.php\/wp-json\/wp\/v2\/types\/post"}],"author":[{"embeddable":true,"href":"https:\/\/radcakleszcz.pl\/index.php\/wp-json\/wp\/v2\/users\/4"}],"replies":[{"embeddable":true,"href":"https:\/\/radcakleszcz.pl\/index.php\/wp-json\/wp\/v2\/comments?post=475"}],"version-history":[{"count":2,"href":"https:\/\/radcakleszcz.pl\/index.php\/wp-json\/wp\/v2\/posts\/475\/revisions"}],"predecessor-version":[{"id":482,"href":"https:\/\/radcakleszcz.pl\/index.php\/wp-json\/wp\/v2\/posts\/475\/revisions\/482"}],"wp:attachment":[{"href":"https:\/\/radcakleszcz.pl\/index.php\/wp-json\/wp\/v2\/media?parent=475"}],"wp:term":[{"taxonomy":"category","embeddable":true,"href":"https:\/\/radcakleszcz.pl\/index.php\/wp-json\/wp\/v2\/categories?post=475"},{"taxonomy":"post_tag","embeddable":true,"href":"https:\/\/radcakleszcz.pl\/index.php\/wp-json\/wp\/v2\/tags?post=475"}],"curies":[{"name":"wp","href":"https:\/\/api.w.org\/{rel}","templated":true}]}}