{"id":490,"date":"2025-10-27T12:47:00","date_gmt":"2025-10-27T11:47:00","guid":{"rendered":"https:\/\/radcakleszcz.pl\/?p=490"},"modified":"2025-10-27T12:47:00","modified_gmt":"2025-10-27T11:47:00","slug":"alimenty-osobiste-starania","status":"publish","type":"post","link":"https:\/\/radcakleszcz.pl\/index.php\/alimenty-osobiste-starania\/","title":{"rendered":"Alimenty. Osobiste starania."},"content":{"rendered":"\n<h1 class=\"wp-block-heading\"><img loading=\"lazy\" decoding=\"async\" width=\"1536\" height=\"1024\" class=\"wp-image-491\" style=\"width: 150px\" src=\"https:\/\/radcakleszcz.pl\/wp-content\/uploads\/2025\/10\/ALimenty-starania.jpg\" alt=\"\" srcset=\"https:\/\/radcakleszcz.pl\/wp-content\/uploads\/2025\/10\/ALimenty-starania.jpg 1536w, https:\/\/radcakleszcz.pl\/wp-content\/uploads\/2025\/10\/ALimenty-starania-300x200.jpg 300w, https:\/\/radcakleszcz.pl\/wp-content\/uploads\/2025\/10\/ALimenty-starania-1024x683.jpg 1024w, https:\/\/radcakleszcz.pl\/wp-content\/uploads\/2025\/10\/ALimenty-starania-768x512.jpg 768w\" sizes=\"auto, (max-width: 1536px) 100vw, 1536px\" \/><\/h1>\n\n\n\n<p><\/p>\n\n\n\n<p>Zgodnie z art. 133 \u00a7 1 Kodeksu rodzinnego i opieku\u0144czego, rodzice maj\u0105 obowi\u0105zek utrzymywa\u0107 dziecko, kt\u00f3re nie jest jeszcze w stanie samodzielnie si\u0119 utrzyma\u0107. Oznacza to, \u017ce oboje rodzice \u2013 niezale\u017cnie od tego, czy mieszkaj\u0105 razem, czy osobno \u2013 musz\u0105 zapewni\u0107 dziecku \u015brodki potrzebne do \u017cycia, nauki i rozwoju.<\/p>\n\n\n\n<p>W praktyce alimenty to nie tylko przelewy pieni\u0119\u017cne. Obowi\u0105zek alimentacyjny obejmuje tak\u017ce osobiste starania o wychowanie i codzienn\u0105 opiek\u0119 nad dzieckiem. Rodzic, kt\u00f3ry na co dzie\u0144 zajmuje si\u0119 dzieckiem, r\u00f3wnie\u017c wype\u0142nia sw\u00f3j obowi\u0105zek alimentacyjny poprzez zaanga\u017cowanie, czas i trosk\u0119, jakie po\u015bwi\u0119ca dziecku.<\/p>\n\n\n\n<p>Je\u015bli szukasz pomocy prawnej w zakresie <strong>aliment\u00f3w w Chrzanowie<\/strong>, <strong>Libi\u0105\u017cu<\/strong> lub <strong>O\u015bwi\u0119cimiu<\/strong>, nasza kancelaria pomo\u017ce Ci w skutecznym ustaleniu wysoko\u015bci \u015bwiadcze\u0144 oraz reprezentacji przed s\u0105dem.<\/p>\n\n\n\n<hr class=\"wp-block-separator has-alpha-channel-opacity\" \/>\n\n\n\n<h2 class=\"wp-block-heading\">Jak s\u0105d ustala wysoko\u015b\u0107 aliment\u00f3w?<\/h2>\n\n\n\n<p>S\u0105d, rozpatruj\u0105c sprawy o alimenty, analizuje sytuacj\u0119 \u017cyciow\u0105 i finansow\u0105 obu rodzic\u00f3w \u2013 ich dochody, mo\u017cliwo\u015bci zarobkowe oraz zakres osobistej opieki nad dzieckiem.<\/p>\n\n\n\n<p>Rodzic, z kt\u00f3rym dziecko mieszka na co dzie\u0144, ponosi z regu\u0142y wi\u0119kszy ci\u0119\u017car zwi\u0105zany z wychowaniem \u2013 przygotowuje posi\u0142ki, dba o edukacj\u0119, zdrowie i codzienne obowi\u0105zki. To r\u00f3wnie\u017c forma realizacji obowi\u0105zku alimentacyjnego.<\/p>\n\n\n\n<p>Natomiast drugi rodzic, kt\u00f3ry sp\u0119dza z dzieckiem mniej czasu, zwykle wype\u0142nia sw\u00f3j obowi\u0105zek g\u0142\u00f3wnie w formie finansowej.<\/p>\n\n\n\n<p>Je\u015bli potrzebujesz wsparcia w sprawie <strong>aliment\u00f3w w Ma\u0142opolsce<\/strong>, w tym w rejonie <strong>Chrzanowa, Libi\u0105\u017ca lub O\u015bwi\u0119cimia<\/strong>, nasza kancelaria dok\u0142adnie przeanalizuje Twoj\u0105 sytuacj\u0119 i doradzi, jakie kroki warto podj\u0105\u0107.<\/p>\n\n\n\n<hr class=\"wp-block-separator has-alpha-channel-opacity\" \/>\n\n\n\n<h2 class=\"wp-block-heading\">Czy s\u0105d mo\u017ce nakaza\u0107 opiek\u0119 zamiast p\u0142acenia?<\/h2>\n\n\n\n<p>Nie. S\u0105d nie mo\u017ce zobowi\u0105za\u0107 rodzica do opieki nad dzieckiem zamiast p\u0142acenia aliment\u00f3w. Ka\u017cdy rodzic realizuje obowi\u0105zek alimentacyjny w inny spos\u00f3b \u2013 w zale\u017cno\u015bci od sytuacji rodzinnej i zawodowej.<\/p>\n\n\n\n<p>Warto jednak pami\u0119ta\u0107, \u017ce osobista opieka nad dzieckiem ma realn\u0105 warto\u015b\u0107 ekonomiczn\u0105 \u2013 mo\u017cna j\u0105 por\u00f3wna\u0107 do koszt\u00f3w opiekunki czy przedszkola. S\u0105d bierze to pod uwag\u0119 przy ustalaniu wysoko\u015bci aliment\u00f3w.<\/p>\n\n\n\n<p>S\u0105d Apelacyjny w Warszawie (postanowienie z 21 czerwca 2013 r., VI ACz 788\/13, niepubl.) wskaza\u0142, \u017ce wi\u0119ksze zaanga\u017cowanie rodzica w wychowanie dzieci nie zawsze oznacza konieczno\u015b\u0107 zwi\u0119kszenia \u015bwiadcze\u0144 drugiego rodzica \u2013 szczeg\u00f3lnie gdy dzieci cz\u0119\u015b\u0107 dnia sp\u0119dzaj\u0105 w szkole lub pod opiek\u0105 innych os\u00f3b.<\/p>\n\n\n\n<hr class=\"wp-block-separator has-alpha-channel-opacity\" \/>\n\n\n\n<h2 class=\"wp-block-heading\">Potrzebujesz pomocy w sprawie aliment\u00f3w?<\/h2>\n\n\n\n<p>Ka\u017cda sprawa jest inna, dlatego warto skonsultowa\u0107 si\u0119 z prawnikiem, kt\u00f3ry przeanalizuje Twoj\u0105 sytuacj\u0119 i pomo\u017ce dobra\u0107 najlepsze rozwi\u0105zanie.<\/p>\n\n\n\n<p>Nasza kancelaria oferuje kompleksow\u0105 pomoc w zakresie:<\/p>\n\n\n\n<ul class=\"wp-block-list\">\n<li>ustalenia i podwy\u017cszenia aliment\u00f3w,<\/li>\n\n\n\n<li>obni\u017cenia aliment\u00f3w,<\/li>\n\n\n\n<li>reprezentacji w sprawach rodzinnych,<\/li>\n\n\n\n<li>negocjacji ug\u00f3d mi\u0119dzy rodzicami.<\/li>\n<\/ul>\n\n\n\n<p>Je\u017celi interesuje Ci\u0119 do\u015bwiadczony <strong>prawnik z Chrzanowa<\/strong>, <strong>prawnik z Libi\u0105\u017ca<\/strong> lub specjalista od <strong>aliment\u00f3w w O\u015bwi\u0119cimiu i ca\u0142ej Ma\u0142opolsce<\/strong> \u2013 skontaktuj si\u0119 z nami.<br>Pomo\u017cemy Ci przygotowa\u0107 pozew, zebra\u0107 niezb\u0119dne dokumenty i zadbamy o Twoje interesy w s\u0105dzie.<\/p>\n\n\n\n<p>\ud83d\udc49 <strong>Skontaktuj si\u0119 z kancelari\u0105 \u2013 pomo\u017cemy Ci w sprawie aliment\u00f3w w Chrzanowie, Libi\u0105\u017cu, O\u015bwi\u0119cimiu i na terenie ca\u0142ej Ma\u0142opolski.<\/strong><\/p>\n","protected":false},"excerpt":{"rendered":"<p>Zgodnie z art. 133 \u00a7 1 Kodeksu rodzinnego i opieku\u0144czego, rodzice maj\u0105 obowi\u0105zek utrzymywa\u0107 dziecko, kt\u00f3re nie jest jeszcze w stanie samodzielnie si\u0119 utrzyma\u0107. Oznacza to, \u017ce oboje rodzice \u2013 niezale\u017cnie od tego, czy mieszkaj\u0105 razem, czy osobno \u2013 musz\u0105 zapewni\u0107 dziecku \u015brodki potrzebne do \u017cycia, nauki i rozwoju. W praktyce alimenty to nie tylko [&hellip;]<\/p>\n","protected":false},"author":4,"featured_media":491,"comment_status":"closed","ping_status":"","sticky":false,"template":"","format":"standard","meta":{"site-sidebar-layout":"default","site-content-layout":"","ast-site-content-layout":"","site-content-style":"default","site-sidebar-style":"default","ast-global-header-display":"","ast-banner-title-visibility":"","ast-main-header-display":"","ast-hfb-above-header-display":"","ast-hfb-below-header-display":"","ast-hfb-mobile-header-display":"","site-post-title":"","ast-breadcrumbs-content":"","ast-featured-img":"","footer-sml-layout":"","theme-transparent-header-meta":"","adv-header-id-meta":"","stick-header-meta":"","header-above-stick-meta":"","header-main-stick-meta":"","header-below-stick-meta":"","astra-migrate-meta-layouts":"default","ast-page-background-enabled":"default","ast-page-background-meta":{"desktop":{"background-color":"var(--ast-global-color-5)","background-image":"","background-repeat":"repeat","background-position":"center center","background-size":"auto","background-attachment":"scroll","background-type":"","background-media":"","overlay-type":"","overlay-color":"","overlay-opacity":"","overlay-gradient":""},"tablet":{"background-color":"","background-image":"","background-repeat":"repeat","background-position":"center center","background-size":"auto","background-attachment":"scroll","background-type":"","background-media":"","overlay-type":"","overlay-color":"","overlay-opacity":"","overlay-gradient":""},"mobile":{"background-color":"","background-image":"","background-repeat":"repeat","background-position":"center center","background-size":"auto","background-attachment":"scroll","background-type":"","background-media":"","overlay-type":"","overlay-color":"","overlay-opacity":"","overlay-gradient":""}},"ast-content-background-meta":{"desktop":{"background-color":"var(--ast-global-color-4)","background-image":"","background-repeat":"repeat","background-position":"center center","background-size":"auto","background-attachment":"scroll","background-type":"","background-media":"","overlay-type":"","overlay-color":"","overlay-opacity":"","overlay-gradient":""},"tablet":{"background-color":"var(--ast-global-color-4)","background-image":"","background-repeat":"repeat","background-position":"center center","background-size":"auto","background-attachment":"scroll","background-type":"","background-media":"","overlay-type":"","overlay-color":"","overlay-opacity":"","overlay-gradient":""},"mobile":{"background-color":"var(--ast-global-color-4)","background-image":"","background-repeat":"repeat","background-position":"center center","background-size":"auto","background-attachment":"scroll","background-type":"","background-media":"","overlay-type":"","overlay-color":"","overlay-opacity":"","overlay-gradient":""}},"_themeisle_gutenberg_block_has_review":false,"footnotes":""},"categories":[103],"tags":[260,258,254,256,255,257,253,106,105,107,109,111,108,112,110,113],"class_list":["post-490","post","type-post","status-publish","format-standard","has-post-thumbnail","hentry","category-prawo-rodzinne","tag-prawnik-libiaz-3","tag-alimenty-bochnia","tag-alimenty-chrzanow-2","tag-alimenty-libiaz-2","tag-alimenty-oswiecim","tag-alimenty-wadowice","tag-prawnik-2","tag-prawnik-chrzanow","tag-prawnik-libiaz","tag-prawnik-oswiecim","tag-radca-prawny-chrzanow","tag-radca-prawny-jaworzno","tag-radca-prawny-libiaz","tag-radca-prawny-malopolska","tag-radca-prawny-oswiecim","tag-radca-prawny-slask"],"_links":{"self":[{"href":"https:\/\/radcakleszcz.pl\/index.php\/wp-json\/wp\/v2\/posts\/490","targetHints":{"allow":["GET"]}}],"collection":[{"href":"https:\/\/radcakleszcz.pl\/index.php\/wp-json\/wp\/v2\/posts"}],"about":[{"href":"https:\/\/radcakleszcz.pl\/index.php\/wp-json\/wp\/v2\/types\/post"}],"author":[{"embeddable":true,"href":"https:\/\/radcakleszcz.pl\/index.php\/wp-json\/wp\/v2\/users\/4"}],"replies":[{"embeddable":true,"href":"https:\/\/radcakleszcz.pl\/index.php\/wp-json\/wp\/v2\/comments?post=490"}],"version-history":[{"count":1,"href":"https:\/\/radcakleszcz.pl\/index.php\/wp-json\/wp\/v2\/posts\/490\/revisions"}],"predecessor-version":[{"id":492,"href":"https:\/\/radcakleszcz.pl\/index.php\/wp-json\/wp\/v2\/posts\/490\/revisions\/492"}],"wp:featuredmedia":[{"embeddable":true,"href":"https:\/\/radcakleszcz.pl\/index.php\/wp-json\/wp\/v2\/media\/491"}],"wp:attachment":[{"href":"https:\/\/radcakleszcz.pl\/index.php\/wp-json\/wp\/v2\/media?parent=490"}],"wp:term":[{"taxonomy":"category","embeddable":true,"href":"https:\/\/radcakleszcz.pl\/index.php\/wp-json\/wp\/v2\/categories?post=490"},{"taxonomy":"post_tag","embeddable":true,"href":"https:\/\/radcakleszcz.pl\/index.php\/wp-json\/wp\/v2\/tags?post=490"}],"curies":[{"name":"wp","href":"https:\/\/api.w.org\/{rel}","templated":true}]}}