{"id":494,"date":"2025-10-27T20:24:55","date_gmt":"2025-10-27T19:24:55","guid":{"rendered":"https:\/\/radcakleszcz.pl\/?p=494"},"modified":"2025-10-27T20:24:55","modified_gmt":"2025-10-27T19:24:55","slug":"rozwod-opieka-naprzemienna-nad-dzieckiem","status":"publish","type":"post","link":"https:\/\/radcakleszcz.pl\/index.php\/rozwod-opieka-naprzemienna-nad-dzieckiem\/","title":{"rendered":"Rozw\u00f3d. Opieka naprzemienna nad dzieckiem."},"content":{"rendered":"\n<p>Rozw\u00f3d to zawsze trudna decyzja \u2013 emocjonalnie i prawnie. Je\u015bli potrzebujesz wsparcia w sprawie o <strong>rozw\u00f3d<\/strong>, <strong>nasza kancelaria<\/strong> pomo\u017ce Ci przej\u015b\u0107 przez ca\u0142y proces w spos\u00f3b spokojny i bezpieczny.<br>Zajmujemy si\u0119 r\u00f3wnie\u017c sprawami zwi\u0105zanymi z <strong>alimentami, w\u0142adz\u0105 rodzicielsk\u0105 oraz kontakty z dzieckiem<\/strong>.<\/p>\n\n\n\n<hr class=\"wp-block-separator has-alpha-channel-opacity\" \/>\n\n\n\n<p><strong>Do\u015bwiadczony prawnik \u2013 Chrzan\u00f3w i okolice<\/strong><\/p>\n\n\n\n<p>Oferujemy kompleksow\u0105 pomoc prawn\u0105 dla Klient\u00f3w z Ma\u0142opolski i \u015al\u0105ska (w tym z <strong>Chrzanowa, Libi\u0105\u017ca, O\u015bwi\u0119cimia, Che\u0142mka, Trzebini, Krzeszowic, Wadowic, Jaworzna, Zatora, Suchej Beskidzkiej, Krakowa, Katowic)<\/strong>. &nbsp;<\/p>\n\n\n\n<p><br>Zajmujemy si\u0119 m.in.:<\/p>\n\n\n\n<ul class=\"wp-block-list\">\n<li>przygotowaniem pozwu o rozw\u00f3d,<\/li>\n\n\n\n<li>reprezentacj\u0105 w s\u0105dzie,<\/li>\n\n\n\n<li>uregulowaniem w\u0142adzy rodzicielskiej i kontakt\u00f3w z dzieckiem,<\/li>\n\n\n\n<li>negocjowaniem aliment\u00f3w,<\/li>\n\n\n\n<li>mediacjami mi\u0119dzy ma\u0142\u017conkami.<\/li>\n<\/ul>\n\n\n\n<hr class=\"wp-block-separator has-alpha-channel-opacity\" \/>\n\n\n\n<h2 class=\"wp-block-heading\"><strong>Opieka nad dzieckiem po rozwodzie<\/strong><\/h2>\n\n\n\n<p>W sprawach o rozw\u00f3d s\u0105d zawsze rozstrzyga o <strong>w\u0142adzy rodzicielskiej i kontaktach z dzieckiem<\/strong>.<br>Coraz cz\u0119\u015bciej orzekana jest tak\u017ce <strong>opieka naprzemienna<\/strong> \u2013 rozwi\u0105zanie, kt\u00f3re pozwala dziecku utrzyma\u0107 blisk\u0105 relacj\u0119 z obojgiem rodzic\u00f3w.<\/p>\n\n\n\n<h2 class=\"wp-block-heading\"><strong>Na czym polega opieka naprzemienna?<\/strong><\/h2>\n\n\n\n<p>Opieka naprzemienna polega na tym, \u017ce dziecko sp\u0119dza por\u00f3wnywalny czas z obojgiem rodzic\u00f3w \u2013 na przyk\u0142ad tydzie\u0144 u mamy, tydzie\u0144 u taty. Cho\u0107 <strong>kodeks rodzinny<\/strong> nie reguluje jej wprost, s\u0105dy coraz cz\u0119\u015bciej orzekaj\u0105 ten model, gdy jest to zgodne z <strong>dobrem dziecka<\/strong> i rodzice potrafi\u0105 wsp\u00f3\u0142pracowa\u0107.<\/p>\n\n\n\n<p>Wymaga to jednak odpowiedniego przygotowania i przemy\u015blenia praktycznych aspekt\u00f3w, takich jak:<\/p>\n\n\n\n<ul class=\"wp-block-list\">\n<li>odleg\u0142o\u015b\u0107 mi\u0119dzy miejscami zamieszkania rodzic\u00f3w,<\/li>\n\n\n\n<li>obowi\u0105zki zawodowe,<\/li>\n\n\n\n<li>szko\u0142a dziecka i jego zaj\u0119cia dodatkowe,<\/li>\n\n\n\n<li>codzienna organizacja \u017cycia.<\/li>\n<\/ul>\n\n\n\n<hr class=\"wp-block-separator has-alpha-channel-opacity\" \/>\n\n\n\n<h2 class=\"wp-block-heading\"><strong>Kiedy s\u0105d orzeka opiek\u0119 naprzemienn\u0105?<\/strong><\/h2>\n\n\n\n<p>S\u0105d mo\u017ce orzec opiek\u0119 naprzemienn\u0105, je\u015bli:<\/p>\n\n\n\n<ul class=\"wp-block-list\">\n<li>rodzice mieszkaj\u0105 blisko siebie,<\/li>\n\n\n\n<li>potrafi\u0105 si\u0119 porozumie\u0107 i wsp\u00f3\u0142pracowa\u0107,<\/li>\n\n\n\n<li>nie ma konflikt\u00f3w, przemocy ani innych przeszk\u00f3d,<\/li>\n\n\n\n<li>oboje s\u0105 w stanie zapewni\u0107 dziecku odpowiednie warunki wychowawcze.<\/li>\n<\/ul>\n\n\n\n<p>Nie zostanie ona orzeczona, je\u015bli dziecko jest bardzo ma\u0142e, rodzice \u017cyj\u0105 w silnym konflikcie lub jeden z nich nie mo\u017ce faktycznie wykonywa\u0107 opieki (np. z powodu pracy za granic\u0105).<\/p>\n\n\n\n<p><br>Kancelaria radcy prawnego Micha\u0142a Kleszcza kompleksowo pomaga na ka\u017cdym etapie sprawy (przygotowanie dokument\u00f3w, zebranie dowod\u00f3w i przedstawienie Twojego stanowiska w spos\u00f3b przekonuj\u0105cy dla s\u0105du).<\/p>\n\n\n\n<hr class=\"wp-block-separator has-alpha-channel-opacity\" \/>\n\n\n\n<h2 class=\"wp-block-heading\"><strong>Wsparcie i skuteczno\u015b\u0107<\/strong><\/h2>\n\n\n\n<p>Ka\u017cda sprawa rodzinna jest inna, dlatego do ka\u017cdej podchodzimy indywidualnie \u2013 z empati\u0105 i pe\u0142nym zaanga\u017cowaniem.<br>Dzia\u0142amy profesjonalnie, dbaj\u0105c o Twoje prawa i dobro dziecka.<\/p>\n\n\n\n<p>Je\u015bli szukasz <strong>prawnika i jeste\u015b z Chrzanowa, Libi\u0105\u017ca, O\u015bwi\u0119cimia, Che\u0142mka, Trzebini, Krzeszowic, Wadowic, Jaworzna, Zatora, Suchej Beskidzkiej, Krakowia, Katowic <\/strong>chcesz spokojnie przej\u015b\u0107 przez rozw\u00f3d \u2013<\/p>\n\n\n\n<p><br>\ud83d\udcde <strong>Skontaktuj si\u0119 z nami ju\u017c dzi\u015b.<\/strong><\/p>\n\n\n\n<p><br>Pomo\u017cemy Ci znale\u017a\u0107 rozwi\u0105zanie najlepsze dla Ciebie i Twojej rodziny.<\/p>\n","protected":false},"excerpt":{"rendered":"<p>Rozw\u00f3d to zawsze trudna decyzja \u2013 emocjonalnie i prawnie. Je\u015bli potrzebujesz wsparcia w sprawie o rozw\u00f3d, nasza kancelaria pomo\u017ce Ci przej\u015b\u0107 przez ca\u0142y proces w spos\u00f3b spokojny i bezpieczny.Zajmujemy si\u0119 r\u00f3wnie\u017c sprawami zwi\u0105zanymi z alimentami, w\u0142adz\u0105 rodzicielsk\u0105 oraz kontakty z dzieckiem. Do\u015bwiadczony prawnik \u2013 Chrzan\u00f3w i okolice Oferujemy kompleksow\u0105 pomoc prawn\u0105 dla Klient\u00f3w z Ma\u0142opolski [&hellip;]<\/p>\n","protected":false},"author":4,"featured_media":0,"comment_status":"closed","ping_status":"","sticky":false,"template":"","format":"standard","meta":{"site-sidebar-layout":"default","site-content-layout":"","ast-site-content-layout":"","site-content-style":"default","site-sidebar-style":"default","ast-global-header-display":"","ast-banner-title-visibility":"","ast-main-header-display":"","ast-hfb-above-header-display":"","ast-hfb-below-header-display":"","ast-hfb-mobile-header-display":"","site-post-title":"","ast-breadcrumbs-content":"","ast-featured-img":"","footer-sml-layout":"","theme-transparent-header-meta":"","adv-header-id-meta":"","stick-header-meta":"","header-above-stick-meta":"","header-main-stick-meta":"","header-below-stick-meta":"","astra-migrate-meta-layouts":"default","ast-page-background-enabled":"default","ast-page-background-meta":{"desktop":{"background-color":"var(--ast-global-color-5)","background-image":"","background-repeat":"repeat","background-position":"center center","background-size":"auto","background-attachment":"scroll","background-type":"","background-media":"","overlay-type":"","overlay-color":"","overlay-opacity":"","overlay-gradient":""},"tablet":{"background-color":"","background-image":"","background-repeat":"repeat","background-position":"center center","background-size":"auto","background-attachment":"scroll","background-type":"","background-media":"","overlay-type":"","overlay-color":"","overlay-opacity":"","overlay-gradient":""},"mobile":{"background-color":"","background-image":"","background-repeat":"repeat","background-position":"center center","background-size":"auto","background-attachment":"scroll","background-type":"","background-media":"","overlay-type":"","overlay-color":"","overlay-opacity":"","overlay-gradient":""}},"ast-content-background-meta":{"desktop":{"background-color":"var(--ast-global-color-4)","background-image":"","background-repeat":"repeat","background-position":"center center","background-size":"auto","background-attachment":"scroll","background-type":"","background-media":"","overlay-type":"","overlay-color":"","overlay-opacity":"","overlay-gradient":""},"tablet":{"background-color":"var(--ast-global-color-4)","background-image":"","background-repeat":"repeat","background-position":"center center","background-size":"auto","background-attachment":"scroll","background-type":"","background-media":"","overlay-type":"","overlay-color":"","overlay-opacity":"","overlay-gradient":""},"mobile":{"background-color":"var(--ast-global-color-4)","background-image":"","background-repeat":"repeat","background-position":"center center","background-size":"auto","background-attachment":"scroll","background-type":"","background-media":"","overlay-type":"","overlay-color":"","overlay-opacity":"","overlay-gradient":""}},"_themeisle_gutenberg_block_has_review":false,"footnotes":""},"categories":[103],"tags":[194,106,105,262,264,263,109,108,112,110,190,233,189,192,191,232,234],"class_list":["post-494","post","type-post","status-publish","format-standard","hentry","category-prawo-rodzinne","tag-alimenty-chrzanow","tag-prawnik-chrzanow","tag-prawnik-libiaz","tag-prawnik-rodzinny-chrzanow","tag-prawnik-rodzinny-libiaz","tag-prawnik-rodzinny-oswiecim","tag-radca-prawny-chrzanow","tag-radca-prawny-libiaz","tag-radca-prawny-malopolska","tag-radca-prawny-oswiecim","tag-rozwod-chrzanow","tag-rozwod-jaworzno","tag-rozwod-libiaz","tag-rozwod-oswiecim","tag-rozwod-trzebinia","tag-rozwod-wadowice","tag-rozwod-zator"],"_links":{"self":[{"href":"https:\/\/radcakleszcz.pl\/index.php\/wp-json\/wp\/v2\/posts\/494","targetHints":{"allow":["GET"]}}],"collection":[{"href":"https:\/\/radcakleszcz.pl\/index.php\/wp-json\/wp\/v2\/posts"}],"about":[{"href":"https:\/\/radcakleszcz.pl\/index.php\/wp-json\/wp\/v2\/types\/post"}],"author":[{"embeddable":true,"href":"https:\/\/radcakleszcz.pl\/index.php\/wp-json\/wp\/v2\/users\/4"}],"replies":[{"embeddable":true,"href":"https:\/\/radcakleszcz.pl\/index.php\/wp-json\/wp\/v2\/comments?post=494"}],"version-history":[{"count":1,"href":"https:\/\/radcakleszcz.pl\/index.php\/wp-json\/wp\/v2\/posts\/494\/revisions"}],"predecessor-version":[{"id":495,"href":"https:\/\/radcakleszcz.pl\/index.php\/wp-json\/wp\/v2\/posts\/494\/revisions\/495"}],"wp:attachment":[{"href":"https:\/\/radcakleszcz.pl\/index.php\/wp-json\/wp\/v2\/media?parent=494"}],"wp:term":[{"taxonomy":"category","embeddable":true,"href":"https:\/\/radcakleszcz.pl\/index.php\/wp-json\/wp\/v2\/categories?post=494"},{"taxonomy":"post_tag","embeddable":true,"href":"https:\/\/radcakleszcz.pl\/index.php\/wp-json\/wp\/v2\/tags?post=494"}],"curies":[{"name":"wp","href":"https:\/\/api.w.org\/{rel}","templated":true}]}}