{"id":496,"date":"2025-10-27T20:45:39","date_gmt":"2025-10-27T19:45:39","guid":{"rendered":"https:\/\/radcakleszcz.pl\/?p=496"},"modified":"2025-10-27T20:47:46","modified_gmt":"2025-10-27T19:47:46","slug":"sprawy-rodzinne-dla-klientow-mieszkajacych-za-granica-polski-kompleksowa-pomoc-na-kazdym-etapie-sprawy","status":"publish","type":"post","link":"https:\/\/radcakleszcz.pl\/index.php\/sprawy-rodzinne-dla-klientow-mieszkajacych-za-granica-polski-kompleksowa-pomoc-na-kazdym-etapie-sprawy\/","title":{"rendered":"\u00a0Sprawy rodzinne dla klient\u00f3w mieszkaj\u0105cych za granic\u0105 Polski \u2013 kompleksowa pomoc na ka\u017cdym etapie sprawy"},"content":{"rendered":"\n<p>Mieszkasz za granic\u0105, ale musisz za\u0142atwi\u0107 spraw\u0119 rodzinn\u0105 w Polsce \u2013 np. <strong>rozw\u00f3d, alimenty lub w\u0142adz\u0119 rodzicielsk\u0105<\/strong>?<br>W wielu przypadkach nie musisz wraca\u0107 do kraju, aby przeprowadzi\u0107 ca\u0142y proces.<br><strong>Kancelaria Micha\u0142a Kleszcza \u2013 Radcy Prawnego<\/strong> zajmie si\u0119 wszystkim w Twoim imieniu.<\/p>\n\n\n\n<hr class=\"wp-block-separator has-alpha-channel-opacity\" \/>\n\n\n\n<h2 class=\"wp-block-heading\"><strong>Prawnik dla Polak\u00f3w mieszkaj\u0105cych za granic\u0105<\/strong><\/h2>\n\n\n\n<p>Nasza kancelaria od lat prowadzi <strong>sprawy rodzinne dla klient\u00f3w z Ma\u0142opolski i \u015al\u0105ska<\/strong>, ale dzi\u0119ki wsp\u00f3\u0142pracy z do\u015bwiadczonymi prawnikami dzia\u0142amy na terenie <strong>ca\u0142ej Polski<\/strong>.<br>Pomagamy osobom mieszkaj\u0105cym m.in. w Wielkiej Brytanii, Niemczech, Irlandii, Austrii czy Islandii.<\/p>\n\n\n\n<p>W zakresie prawa rodzinnego zajmujemy si\u0119 m. in.:<\/p>\n\n\n\n<ul class=\"wp-block-list\">\n<li>rozwodami,<\/li>\n\n\n\n<li>sprawami o alimenty i kontakty z dzieckiem,<\/li>\n\n\n\n<li>w\u0142adz\u0105 rodzicielsk\u0105;<\/li>\n\n\n\n<li>podzia\u0142em maj\u0105tku.<\/li>\n<\/ul>\n\n\n\n<hr class=\"wp-block-separator has-alpha-channel-opacity\" \/>\n\n\n\n<h2 class=\"wp-block-heading\"><strong>Wszystko za\u0142atwimy za Ciebie<\/strong><\/h2>\n\n\n\n<p>Je\u015bli przebywasz poza Polsk\u0105 \u2013 <strong>zajmiemy si\u0119 ca\u0142\u0105 dokumentacj\u0105 i formalno\u015bciami<\/strong>.<br>Przygotujemy wnioski, z\u0142o\u017cymy pisma do s\u0105du i b\u0119dziemy Ci\u0119 reprezentowa\u0107 na ka\u017cdym etapie post\u0119powania.<br>Je\u015bli s\u0105d wyrazi zgod\u0119, <strong>d\u0105\u017cymy do przeprowadzenia rozprawy online<\/strong>, dzi\u0119ki czemu mo\u017cesz uczestniczy\u0107 w sprawie bez konieczno\u015bci przyjazdu do kraju.<\/p>\n\n\n\n<hr class=\"wp-block-separator has-alpha-channel-opacity\" \/>\n\n\n\n<h2 class=\"wp-block-heading\"><strong>Dlaczego warto powierzy\u0107 nam swoj\u0105 spraw\u0119?<\/strong><\/h2>\n\n\n\n<ul class=\"wp-block-list\">\n<li>Dzia\u0142amy skutecznie i z pe\u0142nym zaanga\u017cowaniem;<\/li>\n\n\n\n<li>Oferujemy sta\u0142y kontakt i jasne informacje o przebiegu sprawy;<\/li>\n\n\n\n<li>Pomagamy klientom z ca\u0142ego kraju, w tym g\u0142\u00f3wnie z regionu <strong>Ma\u0142opolski i \u015al\u0105ska oraz spoza jego granic<\/strong>;<\/li>\n\n\n\n<li>Dzia\u0142amy empatycznie \u2013 wiemy, jak trudne emocjonalnie s\u0105 sprawy rodzinne prowadzone na odleg\u0142o\u015b\u0107.<\/li>\n<\/ul>\n\n\n\n<hr class=\"wp-block-separator has-alpha-channel-opacity\" \/>\n\n\n\n<h2 class=\"wp-block-heading\"><strong>Skontaktuj si\u0119 z nami<\/strong> <\/h2>\n\n\n\n<p>Je\u015bli potrzebujesz wsparcia w <strong>sprawie rodzinnej lub rozwodowej<\/strong><br>\ud83d\udcde <strong>skontaktuj si\u0119 z Kancelari\u0105 Micha\u0142a Kleszcza \u2013 Radcy Prawnego<\/strong>.<\/p>\n\n\n\n<p><br>Zadbamy o Twoje prawa, przygotujemy wszystkie dokumenty i \u2013 je\u015bli to mo\u017cliwe \u2013 przeprowadzimy Twoj\u0105 spraw\u0119 <strong>online, bez konieczno\u015bci przyjazdu do Polski<\/strong>.<\/p>\n\n\n\n<p><\/p>\n","protected":false},"excerpt":{"rendered":"<p>Mieszkasz za granic\u0105, ale musisz za\u0142atwi\u0107 spraw\u0119 rodzinn\u0105 w Polsce \u2013 np. rozw\u00f3d, alimenty lub w\u0142adz\u0119 rodzicielsk\u0105?W wielu przypadkach nie musisz wraca\u0107 do kraju, aby przeprowadzi\u0107 ca\u0142y proces.Kancelaria Micha\u0142a Kleszcza \u2013 Radcy Prawnego zajmie si\u0119 wszystkim w Twoim imieniu. Prawnik dla Polak\u00f3w mieszkaj\u0105cych za granic\u0105 Nasza kancelaria od lat prowadzi sprawy rodzinne dla klient\u00f3w z [&hellip;]<\/p>\n","protected":false},"author":4,"featured_media":0,"comment_status":"closed","ping_status":"","sticky":false,"template":"","format":"standard","meta":{"site-sidebar-layout":"default","site-content-layout":"","ast-site-content-layout":"","site-content-style":"default","site-sidebar-style":"default","ast-global-header-display":"","ast-banner-title-visibility":"","ast-main-header-display":"","ast-hfb-above-header-display":"","ast-hfb-below-header-display":"","ast-hfb-mobile-header-display":"","site-post-title":"","ast-breadcrumbs-content":"","ast-featured-img":"","footer-sml-layout":"","theme-transparent-header-meta":"","adv-header-id-meta":"","stick-header-meta":"","header-above-stick-meta":"","header-main-stick-meta":"","header-below-stick-meta":"","astra-migrate-meta-layouts":"default","ast-page-background-enabled":"default","ast-page-background-meta":{"desktop":{"background-color":"var(--ast-global-color-5)","background-image":"","background-repeat":"repeat","background-position":"center center","background-size":"auto","background-attachment":"scroll","background-type":"","background-media":"","overlay-type":"","overlay-color":"","overlay-opacity":"","overlay-gradient":""},"tablet":{"background-color":"","background-image":"","background-repeat":"repeat","background-position":"center center","background-size":"auto","background-attachment":"scroll","background-type":"","background-media":"","overlay-type":"","overlay-color":"","overlay-opacity":"","overlay-gradient":""},"mobile":{"background-color":"","background-image":"","background-repeat":"repeat","background-position":"center center","background-size":"auto","background-attachment":"scroll","background-type":"","background-media":"","overlay-type":"","overlay-color":"","overlay-opacity":"","overlay-gradient":""}},"ast-content-background-meta":{"desktop":{"background-color":"var(--ast-global-color-4)","background-image":"","background-repeat":"repeat","background-position":"center center","background-size":"auto","background-attachment":"scroll","background-type":"","background-media":"","overlay-type":"","overlay-color":"","overlay-opacity":"","overlay-gradient":""},"tablet":{"background-color":"var(--ast-global-color-4)","background-image":"","background-repeat":"repeat","background-position":"center center","background-size":"auto","background-attachment":"scroll","background-type":"","background-media":"","overlay-type":"","overlay-color":"","overlay-opacity":"","overlay-gradient":""},"mobile":{"background-color":"var(--ast-global-color-4)","background-image":"","background-repeat":"repeat","background-position":"center center","background-size":"auto","background-attachment":"scroll","background-type":"","background-media":"","overlay-type":"","overlay-color":"","overlay-opacity":"","overlay-gradient":""}},"_themeisle_gutenberg_block_has_review":false,"footnotes":""},"categories":[103],"tags":[106,105,107,108,112,110,113,270,271,190,267,268,265,266,189,272,269,191,234],"class_list":["post-496","post","type-post","status-publish","format-standard","hentry","category-prawo-rodzinne","tag-prawnik-chrzanow","tag-prawnik-libiaz","tag-prawnik-oswiecim","tag-radca-prawny-libiaz","tag-radca-prawny-malopolska","tag-radca-prawny-oswiecim","tag-radca-prawny-slask","tag-rozwod-austria","tag-rozwod-bochnia","tag-rozwod-chrzanow","tag-rozwod-irlandia","tag-rozwod-islandia","tag-rozwod-krakow","tag-rozwod-krzeszowice","tag-rozwod-libiaz","tag-rozwod-myslowice","tag-rozwod-niemcy","tag-rozwod-trzebinia","tag-rozwod-zator"],"_links":{"self":[{"href":"https:\/\/radcakleszcz.pl\/index.php\/wp-json\/wp\/v2\/posts\/496","targetHints":{"allow":["GET"]}}],"collection":[{"href":"https:\/\/radcakleszcz.pl\/index.php\/wp-json\/wp\/v2\/posts"}],"about":[{"href":"https:\/\/radcakleszcz.pl\/index.php\/wp-json\/wp\/v2\/types\/post"}],"author":[{"embeddable":true,"href":"https:\/\/radcakleszcz.pl\/index.php\/wp-json\/wp\/v2\/users\/4"}],"replies":[{"embeddable":true,"href":"https:\/\/radcakleszcz.pl\/index.php\/wp-json\/wp\/v2\/comments?post=496"}],"version-history":[{"count":3,"href":"https:\/\/radcakleszcz.pl\/index.php\/wp-json\/wp\/v2\/posts\/496\/revisions"}],"predecessor-version":[{"id":499,"href":"https:\/\/radcakleszcz.pl\/index.php\/wp-json\/wp\/v2\/posts\/496\/revisions\/499"}],"wp:attachment":[{"href":"https:\/\/radcakleszcz.pl\/index.php\/wp-json\/wp\/v2\/media?parent=496"}],"wp:term":[{"taxonomy":"category","embeddable":true,"href":"https:\/\/radcakleszcz.pl\/index.php\/wp-json\/wp\/v2\/categories?post=496"},{"taxonomy":"post_tag","embeddable":true,"href":"https:\/\/radcakleszcz.pl\/index.php\/wp-json\/wp\/v2\/tags?post=496"}],"curies":[{"name":"wp","href":"https:\/\/api.w.org\/{rel}","templated":true}]}}