{"id":511,"date":"2025-11-01T21:31:27","date_gmt":"2025-11-01T20:31:27","guid":{"rendered":"https:\/\/radcakleszcz.pl\/?p=511"},"modified":"2025-11-01T21:31:27","modified_gmt":"2025-11-01T20:31:27","slug":"zasiedzenie-nieruchomosci-pomoc-prawna-w-sprawach-o-zasiedzenie-radca-prawny-michal-kleszcz-kancelaria-w-libiazu","status":"publish","type":"post","link":"https:\/\/radcakleszcz.pl\/index.php\/zasiedzenie-nieruchomosci-pomoc-prawna-w-sprawach-o-zasiedzenie-radca-prawny-michal-kleszcz-kancelaria-w-libiazu\/","title":{"rendered":"Zasiedzenie nieruchomo\u015bci \u2013 pomoc prawna w sprawach o zasiedzenie | Radca prawny Micha\u0142 Kleszcz , kancelaria w Libi\u0105\u017cu"},"content":{"rendered":"\n<p>Dowiedz si\u0119, czym jest zasiedzenie nieruchomo\u015bci i jak uzyska\u0107 w\u0142asno\u015b\u0107 przez zasiedzenie. Skorzystaj z pomocy Kancelarii Radcy Prawnego Micha\u0142a Kleszcza w Libi\u0105\u017cu \u2013 prawnika posiadaj\u0105cego w tej materii szerokie do\u015bwiadczenie.<\/p>\n\n\n\n<h1 class=\"wp-block-heading\"><strong>Zasiedzenie nieruchomo\u015bci \u2013 co warto wiedzie\u0107 i kiedy skorzysta\u0107 z pomocy radcy prawnego?<\/strong><\/h1>\n\n\n\n<p>Zasiedzenie nieruchomo\u015bci to jedna z cz\u0119stszych spraw, z kt\u00f3rymi klienci zwracaj\u0105 si\u0119 do kancelarii prawnych. W praktyce to spos\u00f3b na <strong>uregulowanie stanu prawnego nieruchomo\u015bci<\/strong>, kt\u00f3ra od lat jest u\u017cytkowana przez dan\u0105 osob\u0119.<\/p>\n\n\n\n<p>W <strong>Kancelarii Radcy Prawnego Micha\u0142a Kleszcza w Libi\u0105\u017cu<\/strong> pomagamy osobom, kt\u00f3re chc\u0105 uzyska\u0107 prawo w\u0142asno\u015bci nieruchomo\u015bci przez zasiedzenie \u2013 niezale\u017cnie od tego, czy chodzi o dom jednorodzinny, czy o dzia\u0142k\u0119.<\/p>\n\n\n\n<hr class=\"wp-block-separator has-alpha-channel-opacity\" \/>\n\n\n\n<h2 class=\"wp-block-heading\"><strong>Na czym polega zasiedzenie nieruchomo\u015bci?<\/strong><\/h2>\n\n\n\n<p>Zasiedzenie nieruchomo\u015bci to spos\u00f3b nabycia prawa w\u0142asno\u015bci przez osob\u0119 nieb\u0119d\u0105c\u0105 w\u0142a\u015bcicielem, kt\u00f3ra faktycznie w\u0142ada nieruchomo\u015bci\u0105 przez okre\u015blony czas, zachowuj\u0105c si\u0119 jak jej w\u0142a\u015bciciel.<\/p>\n\n\n\n<p>Warunkiem zasiedzenia jest <strong>nieprzerwane posiadanie nieruchomo\u015bci przez<\/strong>:<\/p>\n\n\n\n<ul class=\"wp-block-list\">\n<li><strong>20 lat<\/strong>, je\u015bli posiadacz by\u0142 w <strong>dobrej wierze<\/strong> (by\u0142 przekonany, \u017ce nieruchomo\u015b\u0107 nale\u017cy do niego),<\/li>\n\n\n\n<li><strong>30 lat<\/strong>, je\u015bli by\u0142 w <strong>z\u0142ej wierze<\/strong> (wiedzia\u0142, \u017ce nieruchomo\u015b\u0107 mu nie przys\u0142uguje).<\/li>\n<\/ul>\n\n\n\n<p>Po spe\u0142nieniu tych warunk\u00f3w w\u0142a\u015bcicielem mo\u017cna sta\u0107 si\u0119 <strong>z mocy prawa<\/strong>, ale konieczne jest <strong>postanowienie s\u0105du o stwierdzeniu zasiedzenia<\/strong>. Dopiero po uzyskaniu orzeczenia s\u0105dowego mo\u017cna dokona\u0107 wpisu w ksi\u0119dze wieczystej.<\/p>\n\n\n\n<hr class=\"wp-block-separator has-alpha-channel-opacity\" \/>\n\n\n\n<h2 class=\"wp-block-heading\"><strong>Jak wygl\u0105da post\u0119powanie o zasiedzenie nieruchomo\u015bci?<\/strong><\/h2>\n\n\n\n<p>Aby s\u0105d m\u00f3g\u0142 stwierdzi\u0107 zasiedzenie, trzeba z\u0142o\u017cy\u0107 <strong>wniosek o zasiedzenie nieruchomo\u015bci<\/strong>. We wniosku nale\u017cy wskaza\u0107:<\/p>\n\n\n\n<ul class=\"wp-block-list\">\n<li>dane nieruchomo\u015bci (numer dzia\u0142ki, adres, numer ksi\u0119gi wieczystej),<\/li>\n\n\n\n<li>okres posiadania,<\/li>\n\n\n\n<li>dowody potwierdzaj\u0105ce faktyczne w\u0142adanie (np. zeznania \u015bwiadk\u00f3w, zdj\u0119cia, rachunki, potwierdzenia op\u0142at podatk\u00f3w od nieruchomo\u015bci).<\/li>\n<\/ul>\n\n\n\n<p>S\u0105d analizuje ka\u017cdy przypadek indywidualnie. Nawet drobne b\u0142\u0119dy formalne lub brak odpowiednich dowod\u00f3w mog\u0105 doprowadzi\u0107 do oddalenia wniosku, w zwi\u0105zku z czym warto skorzysta\u0107 z pomocy <strong>radcy prawnego<\/strong>. Je\u017celi mieszkasz na terenie <strong>Chrzanowa, Libi\u0105\u017ca, O\u015bwi\u0119cimia, Trzebini, Zatora, Alwerni, Che\u0142mku, Wadowic, Krzeszowic, Skawiny, Krakowa, Wieliczki, Jaworzna, Mys\u0142owic, Imielina, Sosnowca<\/strong> lub okolic, zapraszamy do kontaktu z <strong>Kancelari\u0105 Radcy Prawnego Micha\u0142a Kleszcza z Libi\u0105\u017ca<\/strong>.<\/p>\n\n\n\n<hr class=\"wp-block-separator has-alpha-channel-opacity\" \/>\n\n\n\n<h2 class=\"wp-block-heading\"><strong>Dlaczego warto skorzysta\u0107 z pomocy radcy prawnego?<\/strong><\/h2>\n\n\n\n<p>Sprawy o zasiedzenie cz\u0119sto s\u0105 skomplikowane, zw\u0142aszcza gdy dotycz\u0105 nieruchomo\u015bci rodzinnych, dzia\u0142ek bez ksi\u0119gi wieczystej lub wsp\u00f3\u0142w\u0142asno\u015bci.<\/p>\n\n\n\n<p>Radca prawny <strong>Micha\u0142 Kleszcz<\/strong> oferuje kompleksow\u0105 obs\u0142ug\u0119 w sprawach o zasiedzenie, w tym:<\/p>\n\n\n\n<ul class=\"wp-block-list\">\n<li>analiz\u0119 prawn\u0105 sytuacji nieruchomo\u015bci,<\/li>\n\n\n\n<li>przygotowanie wniosku o zasiedzenie,<\/li>\n\n\n\n<li>zgromadzenie i ocen\u0119 dowod\u00f3w,<\/li>\n\n\n\n<li>reprezentacj\u0119 przed s\u0105dem,<\/li>\n\n\n\n<li>wsparcie w uzyskaniu wpisu do ksi\u0119gi wieczystej.<\/li>\n<\/ul>\n\n\n\n<p>Dzi\u0119ki do\u015bwiadczeniu w ww. materii kancelaria skutecznie pomaga Klientom w uregulowaniu stanu prawnego nieruchomo\u015bci.<\/p>\n\n\n\n<hr class=\"wp-block-separator has-alpha-channel-opacity\" \/>\n\n\n\n<h2 class=\"wp-block-heading\"><strong>Kiedy warto zg\u0142osi\u0107 si\u0119 po pomoc prawn\u0105?<\/strong><\/h2>\n\n\n\n<p>Zg\u0142o\u015b si\u0119 do kancelarii, je\u015bli:<\/p>\n\n\n\n<ul class=\"wp-block-list\">\n<li>od lat korzystasz z nieruchomo\u015bci, kt\u00f3ra nie jest Twoja,<\/li>\n\n\n\n<li>chcesz uporz\u0105dkowa\u0107 stan prawny dzia\u0142ki po zmar\u0142ych cz\u0142onkach rodziny,<\/li>\n\n\n\n<li>masz problem z ustaleniem w\u0142a\u015bciciela gruntu,<\/li>\n\n\n\n<li>nie wiesz, czy przys\u0142uguje Ci prawo do zasiedzenia.<\/li>\n<\/ul>\n\n\n\n<p>W <strong>Kancelarii Radcy Prawnego Micha\u0142a Kleszcza w Libi\u0105\u017cu<\/strong> otrzymasz rzeteln\u0105 analiz\u0119 sytuacji, jasne wyja\u015bnienie przepis\u00f3w i kompleksow\u0105 pomoc prawn\u0105 od pocz\u0105tku do ko\u0144ca post\u0119powania.<\/p>\n\n\n\n<hr class=\"wp-block-separator has-alpha-channel-opacity\" \/>\n\n\n\n<h2 class=\"wp-block-heading\"><strong>Zasiedzenie nieruchomo\u015bci \u2013 podsumowanie<\/strong><\/h2>\n\n\n\n<p>Zasiedzenie to skuteczny spos\u00f3b na uzyskanie w\u0142asno\u015bci nieruchomo\u015bci, ale tylko wtedy, gdy spe\u0142nione s\u0105 wszystkie przes\u0142anki i z\u0142o\u017cony zostanie dobrze przygotowany wniosek.<\/p>\n\n\n\n<p>Nie ryzykuj b\u0142\u0119d\u00f3w formalnych \u2013 skorzystaj z pomocy <strong>radcy prawnego Micha\u0142a Kleszcza<\/strong>.<br>Kancelaria w Libi\u0105\u017cu zapewnia profesjonalne wsparcie i indywidualne podej\u015bcie do ka\u017cdej sprawy.<\/p>\n\n\n\n<p>\ud83d\udcde <strong>Skontaktuj si\u0119 z Kancelari\u0105 Radcy Prawnego Micha\u0142a Kleszcza w Libi\u0105\u017cu<\/strong> (tel. 730109703) i dowiedz si\u0119, czy mo\u017cesz uzyska\u0107 prawo w\u0142asno\u015bci przez zasiedzenie.<\/p>\n\n\n\n<figure class=\"wp-block-image size-full\"><img loading=\"lazy\" decoding=\"async\" width=\"1024\" height=\"1024\" src=\"https:\/\/radcakleszcz.pl\/wp-content\/uploads\/2025\/11\/ChatGPT-Image-1-lis-2025-21_28_53.png\" alt=\"\" class=\"wp-image-512\" srcset=\"https:\/\/radcakleszcz.pl\/wp-content\/uploads\/2025\/11\/ChatGPT-Image-1-lis-2025-21_28_53.png 1024w, https:\/\/radcakleszcz.pl\/wp-content\/uploads\/2025\/11\/ChatGPT-Image-1-lis-2025-21_28_53-300x300.png 300w, https:\/\/radcakleszcz.pl\/wp-content\/uploads\/2025\/11\/ChatGPT-Image-1-lis-2025-21_28_53-150x150.png 150w, https:\/\/radcakleszcz.pl\/wp-content\/uploads\/2025\/11\/ChatGPT-Image-1-lis-2025-21_28_53-768x768.png 768w\" sizes=\"auto, (max-width: 1024px) 100vw, 1024px\" \/><\/figure>\n\n\n\n<p><\/p>\n","protected":false},"excerpt":{"rendered":"<p>Dowiedz si\u0119, czym jest zasiedzenie nieruchomo\u015bci i jak uzyska\u0107 w\u0142asno\u015b\u0107 przez zasiedzenie. Skorzystaj z pomocy Kancelarii Radcy Prawnego Micha\u0142a Kleszcza w Libi\u0105\u017cu \u2013 prawnika posiadaj\u0105cego w tej materii szerokie do\u015bwiadczenie. Zasiedzenie nieruchomo\u015bci \u2013 co warto wiedzie\u0107 i kiedy skorzysta\u0107 z pomocy radcy prawnego? Zasiedzenie nieruchomo\u015bci to jedna z cz\u0119stszych spraw, z kt\u00f3rymi klienci zwracaj\u0105 si\u0119 [&hellip;]<\/p>\n","protected":false},"author":4,"featured_media":0,"comment_status":"closed","ping_status":"","sticky":false,"template":"","format":"standard","meta":{"site-sidebar-layout":"default","site-content-layout":"","ast-site-content-layout":"","site-content-style":"default","site-sidebar-style":"default","ast-global-header-display":"","ast-banner-title-visibility":"","ast-main-header-display":"","ast-hfb-above-header-display":"","ast-hfb-below-header-display":"","ast-hfb-mobile-header-display":"","site-post-title":"","ast-breadcrumbs-content":"","ast-featured-img":"","footer-sml-layout":"","theme-transparent-header-meta":"","adv-header-id-meta":"","stick-header-meta":"","header-above-stick-meta":"","header-main-stick-meta":"","header-below-stick-meta":"","astra-migrate-meta-layouts":"default","ast-page-background-enabled":"default","ast-page-background-meta":{"desktop":{"background-color":"var(--ast-global-color-5)","background-image":"","background-repeat":"repeat","background-position":"center center","background-size":"auto","background-attachment":"scroll","background-type":"","background-media":"","overlay-type":"","overlay-color":"","overlay-opacity":"","overlay-gradient":""},"tablet":{"background-color":"","background-image":"","background-repeat":"repeat","background-position":"center center","background-size":"auto","background-attachment":"scroll","background-type":"","background-media":"","overlay-type":"","overlay-color":"","overlay-opacity":"","overlay-gradient":""},"mobile":{"background-color":"","background-image":"","background-repeat":"repeat","background-position":"center center","background-size":"auto","background-attachment":"scroll","background-type":"","background-media":"","overlay-type":"","overlay-color":"","overlay-opacity":"","overlay-gradient":""}},"ast-content-background-meta":{"desktop":{"background-color":"var(--ast-global-color-4)","background-image":"","background-repeat":"repeat","background-position":"center center","background-size":"auto","background-attachment":"scroll","background-type":"","background-media":"","overlay-type":"","overlay-color":"","overlay-opacity":"","overlay-gradient":""},"tablet":{"background-color":"var(--ast-global-color-4)","background-image":"","background-repeat":"repeat","background-position":"center center","background-size":"auto","background-attachment":"scroll","background-type":"","background-media":"","overlay-type":"","overlay-color":"","overlay-opacity":"","overlay-gradient":""},"mobile":{"background-color":"var(--ast-global-color-4)","background-image":"","background-repeat":"repeat","background-position":"center center","background-size":"auto","background-attachment":"scroll","background-type":"","background-media":"","overlay-type":"","overlay-color":"","overlay-opacity":"","overlay-gradient":""}},"_themeisle_gutenberg_block_has_review":false,"footnotes":""},"categories":[128,7],"tags":[178,106,105,294,107,109,111,108,112,295,110,113,199,297,226,224,289,290,293,291,292],"class_list":["post-511","post","type-post","status-publish","format-standard","hentry","category-nieruchomosci","category-prawocywilne","tag-prawnik","tag-prawnik-chrzanow","tag-prawnik-libiaz","tag-prawnik-olkusz","tag-prawnik-oswiecim","tag-radca-prawny-chrzanow","tag-radca-prawny-jaworzno","tag-radca-prawny-libiaz","tag-radca-prawny-malopolska","tag-radca-prawny-olkusz","tag-radca-prawny-oswiecim","tag-radca-prawny-slask","tag-radca-prawny-wadowice","tag-radca-prawny-z-chrzanowa-2","tag-radca-prawny-z-libiaza","tag-radca-prawny-zator","tag-zasiedzenie-chrzano","tag-zasiedzenie-libiaz","tag-zasiedzenie-olkusz","tag-zasiedzenie-oswiecim","tag-zasiedzenie-trzebinia"],"_links":{"self":[{"href":"https:\/\/radcakleszcz.pl\/index.php\/wp-json\/wp\/v2\/posts\/511","targetHints":{"allow":["GET"]}}],"collection":[{"href":"https:\/\/radcakleszcz.pl\/index.php\/wp-json\/wp\/v2\/posts"}],"about":[{"href":"https:\/\/radcakleszcz.pl\/index.php\/wp-json\/wp\/v2\/types\/post"}],"author":[{"embeddable":true,"href":"https:\/\/radcakleszcz.pl\/index.php\/wp-json\/wp\/v2\/users\/4"}],"replies":[{"embeddable":true,"href":"https:\/\/radcakleszcz.pl\/index.php\/wp-json\/wp\/v2\/comments?post=511"}],"version-history":[{"count":1,"href":"https:\/\/radcakleszcz.pl\/index.php\/wp-json\/wp\/v2\/posts\/511\/revisions"}],"predecessor-version":[{"id":513,"href":"https:\/\/radcakleszcz.pl\/index.php\/wp-json\/wp\/v2\/posts\/511\/revisions\/513"}],"wp:attachment":[{"href":"https:\/\/radcakleszcz.pl\/index.php\/wp-json\/wp\/v2\/media?parent=511"}],"wp:term":[{"taxonomy":"category","embeddable":true,"href":"https:\/\/radcakleszcz.pl\/index.php\/wp-json\/wp\/v2\/categories?post=511"},{"taxonomy":"post_tag","embeddable":true,"href":"https:\/\/radcakleszcz.pl\/index.php\/wp-json\/wp\/v2\/tags?post=511"}],"curies":[{"name":"wp","href":"https:\/\/api.w.org\/{rel}","templated":true}]}}