{"id":518,"date":"2025-11-03T11:35:00","date_gmt":"2025-11-03T10:35:00","guid":{"rendered":"https:\/\/radcakleszcz.pl\/?p=518"},"modified":"2025-11-03T11:37:24","modified_gmt":"2025-11-03T10:37:24","slug":"ustalenie-kontaktow-z-dzieckiem-jak-zadbac-o-relacje-po-rozstaniu-rodzicow","status":"publish","type":"post","link":"https:\/\/radcakleszcz.pl\/index.php\/ustalenie-kontaktow-z-dzieckiem-jak-zadbac-o-relacje-po-rozstaniu-rodzicow\/","title":{"rendered":"Ustalenie kontakt\u00f3w z dzieckiem. Jak zadba\u0107 o relacj\u0119 po rozstaniu rodzic\u00f3w?"},"content":{"rendered":"\n<p><strong>Dowiedz si\u0119, jak ustali\u0107 kontakty z dzieckiem po rozstaniu rodzic\u00f3w.<\/strong><\/p>\n\n\n\n<p>Rozstanie lub rozw\u00f3d rodzic\u00f3w to trudny moment nie tylko dla nich, ale przede wszystkim dla dziecka. W takich sytuacjach pojawia si\u0119 pytanie: <strong>jak uregulowa\u0107 kontakty z dzieckiem, aby zachowa\u0107 stabilno\u015b\u0107, poczucie bezpiecze\u0144stwa i wi\u0119\u017a emocjonaln\u0105?<\/strong><br>Prawo rodzinne przewiduje r\u00f3\u017cne sposoby ustalenia kontakt\u00f3w \u2013 zar\u00f3wno polubowne, jak i s\u0105dowe. Warto wiedzie\u0107, jak przebiega taki proces i jak zadba\u0107 o to, by decyzje by\u0142y podejmowane z my\u015bl\u0105 o dobru dziecka.<\/p>\n\n\n\n<hr class=\"wp-block-separator has-alpha-channel-opacity\" \/>\n\n\n\n<p><strong>Czym s\u0105 kontakty z dzieckiem?<\/strong><\/p>\n\n\n\n<p>Prawo do kontakt\u00f3w z dzieckiem to jedno z podstawowych praw i obowi\u0105zk\u00f3w ka\u017cdego rodzica. Kontakty obejmuj\u0105 bezpo\u015brednie spotkania, wsp\u00f3lne sp\u0119dzanie czasu, rozmowy telefoniczne, kontakt online czy korespondencj\u0119<strong>.<\/strong><br>Celem tych kontakt\u00f3w jest <strong>utrzymanie wi\u0119zi emocjonalnej z dzieckiem<\/strong>, niezale\u017cnie od tego, z kt\u00f3rym rodzicem dziecko na co dzie\u0144 mieszka.<\/p>\n\n\n\n<hr class=\"wp-block-separator has-alpha-channel-opacity\" \/>\n\n\n\n<h2 class=\"wp-block-heading\"><strong>Jak mo\u017cna ustali\u0107 kontakty z dzieckiem?<\/strong><\/h2>\n\n\n\n<ol start=\"1\" class=\"wp-block-list\">\n<li><strong>Polubowne ustalenie kontakt\u00f3w<\/strong> \u2013 rodzice samodzielnie uzgadniaj\u0105 harmonogram spotka\u0144 i spos\u00f3b kontaktu z dzieckiem. Tak\u0105 ugod\u0119 mo\u017cna spisa\u0107 i przedstawi\u0107 s\u0105dowi do zatwierdzenia.<\/li>\n\n\n\n<li><strong>S\u0105dowe ustalenie kontakt\u00f3w z dzieckiem<\/strong> \u2013 gdy rodzice nie s\u0105 w stanie doj\u015b\u0107 do porozumienia, spraw\u0119 rozstrzyga s\u0105d, kieruj\u0105c si\u0119 przede wszystkim <strong>dobrem dziecka<\/strong>.<\/li>\n<\/ol>\n\n\n\n<hr class=\"wp-block-separator has-alpha-channel-opacity\" \/>\n\n\n\n<h2 class=\"wp-block-heading\"><strong>Co bierze pod uwag\u0119 s\u0105d, ustalaj\u0105c kontakty z dzieckiem?<\/strong><\/h2>\n\n\n\n<p>Ka\u017cda sprawa jest indywidualna. S\u0105d analizuje przede wszystkim:<\/p>\n\n\n\n<ul class=\"wp-block-list\">\n<li><strong>dobro dziecka<\/strong> \u2013 jego wiek, potrzeby emocjonalne, relacje z rodzicami,<\/li>\n\n\n\n<li><strong>dotychczasow\u0105 wi\u0119\u017a<\/strong> z rodzicem, kt\u00f3ry wnosi o ustalenie kontakt\u00f3w,<\/li>\n\n\n\n<li><strong>postaw\u0119 rodzic\u00f3w<\/strong> \u2013 gotowo\u015b\u0107 do wsp\u00f3\u0142pracy i respektowania ustale\u0144,<\/li>\n\n\n\n<li>sytuacj\u0119 \u017cyciow\u0105 i wychowawcz\u0105 dziecka.<\/li>\n<\/ul>\n\n\n\n<p>W niekt\u00f3rych przypadkach s\u0105d mo\u017ce <strong>ograniczy\u0107 kontakty z dzieckiem<\/strong> \u2013 np. gdy istnieje ryzyko, \u017ce kontakt m\u00f3g\u0142by negatywnie wp\u0142yn\u0105\u0107 na dobro dziecka (np. z powodu uzale\u017cnie\u0144, agresji lub zaniedba\u0144).<\/p>\n\n\n\n<hr class=\"wp-block-separator has-alpha-channel-opacity\" \/>\n\n\n\n<h2 class=\"wp-block-heading\"><strong>Ograniczenie lub zakaz kontakt\u00f3w z dzieckiem<\/strong><\/h2>\n\n\n\n<p>Cho\u0107 s\u0105 to wyj\u0105tkowe sytuacje, s\u0105d mo\u017ce ograniczy\u0107 lub nawet zakaza\u0107 kontakt\u00f3w z dzieckiem, gdy wymaga tego jego dobro.<br>Mo\u017ce to polega\u0107 m.in. na:<\/p>\n\n\n\n<ul class=\"wp-block-list\">\n<li>zakazie zabierania dziecka poza miejsce zamieszkania,<\/li>\n\n\n\n<li>obowi\u0105zku odbywania spotka\u0144 w obecno\u015bci kuratora,<\/li>\n\n\n\n<li>zakazie kontakt\u00f3w telefonicznych czy online.<\/li>\n<\/ul>\n\n\n\n<p>Celem takiego orzeczenia nie jest kara dla rodzica, lecz <strong>ochrona emocjonalnego bezpiecze\u0144stwa dziecka<\/strong>.<\/p>\n\n\n\n<hr class=\"wp-block-separator has-alpha-channel-opacity\" \/>\n\n\n\n<h2 class=\"wp-block-heading\"><strong>Empatyczne podej\u015bcie \u2013 dla dobra dziecka<\/strong><\/h2>\n\n\n\n<p>Sprawy o ustalenie kontakt\u00f3w z dzieckiem s\u0105 cz\u0119sto nacechowane emocjami.<br>Warto pami\u0119ta\u0107, \u017ce <strong>dziecko potrzebuje mi\u0142o\u015bci i obecno\u015bci obojga rodzic\u00f3w<\/strong>, niezale\u017cnie od ich relacji. Dlatego najlepszym rozwi\u0105zaniem jest takie ustalenie kontakt\u00f3w, kt\u00f3re zapewni dziecku poczucie bezpiecze\u0144stwa, stabilno\u015bci i spokoju.<\/p>\n\n\n\n<hr class=\"wp-block-separator has-alpha-channel-opacity\" \/>\n\n\n\n<h2 class=\"wp-block-heading\"><strong>Potrzebujesz pomocy w sprawie o ustalenie kontakt\u00f3w z dzieckiem?<\/strong><\/h2>\n\n\n\n<p><strong>Kancelaria Radcy Prawnego Micha\u0142a Kleszcza w Libi\u0105\u017cu<\/strong> wspiera rodzic\u00f3w w sprawach dotycz\u0105cych kontakt\u00f3w z dzie\u0107mi \u2014 zar\u00f3wno na etapie mediacji, jak i w post\u0119powaniu s\u0105dowym. Pomagamy przygotowa\u0107 wniosek, opracowa\u0107 strategi\u0119 procesow\u0105 i towarzyszymy na ka\u017cdym etapie sprawy.<br>Dzia\u0142amy z empati\u0105, zrozumieniem i zawsze w duchu troski o dobro dziecka.<\/p>\n\n\n\n<p><strong>Skontaktuj si\u0119 z nami<\/strong>, je\u015bli chcesz uregulowa\u0107 kontakty z dzieckiem lub potrzebujesz pomocy w egzekwowaniu ustalonych zasad.<\/p>\n\n\n\n<p>Je\u017celi potrzebujesz pomocy <strong>radcy prawnego<\/strong> i mieszkasz na terenie Ma\u0142opolski (np. <strong>Chrzanowa, Libi\u0105\u017ca, O\u015bwi\u0119cimia, Trzebini, Che\u0142mka, Alwerni, Zatora, Wadowic, Krzeszowic<\/strong>) lub \u015al\u0105ska (<strong>Jaworzna, Mys\u0142owic, Bierunia, Imielina, Sosnowca, Katowic<\/strong>), skontaktuj si\u0119 z <strong>Kancelari\u0105 Radcy Prawnego Micha\u0142a Kleszcza w Libi\u0105\u017cu<\/strong> telefonicznie, mailowo lub przez formularz kontaktowy.<\/p>\n\n\n\n<p><\/p>\n","protected":false},"excerpt":{"rendered":"<p>Dowiedz si\u0119, jak ustali\u0107 kontakty z dzieckiem po rozstaniu rodzic\u00f3w. Rozstanie lub rozw\u00f3d rodzic\u00f3w to trudny moment nie tylko dla nich, ale przede wszystkim dla dziecka. W takich sytuacjach pojawia si\u0119 pytanie: jak uregulowa\u0107 kontakty z dzieckiem, aby zachowa\u0107 stabilno\u015b\u0107, poczucie bezpiecze\u0144stwa i wi\u0119\u017a emocjonaln\u0105?Prawo rodzinne przewiduje r\u00f3\u017cne sposoby ustalenia kontakt\u00f3w \u2013 zar\u00f3wno polubowne, jak [&hellip;]<\/p>\n","protected":false},"author":4,"featured_media":0,"comment_status":"closed","ping_status":"","sticky":false,"template":"","format":"standard","meta":{"site-sidebar-layout":"default","site-content-layout":"","ast-site-content-layout":"","site-content-style":"default","site-sidebar-style":"default","ast-global-header-display":"","ast-banner-title-visibility":"","ast-main-header-display":"","ast-hfb-above-header-display":"","ast-hfb-below-header-display":"","ast-hfb-mobile-header-display":"","site-post-title":"","ast-breadcrumbs-content":"","ast-featured-img":"","footer-sml-layout":"","theme-transparent-header-meta":"","adv-header-id-meta":"","stick-header-meta":"","header-above-stick-meta":"","header-main-stick-meta":"","header-below-stick-meta":"","astra-migrate-meta-layouts":"default","ast-page-background-enabled":"default","ast-page-background-meta":{"desktop":{"background-color":"var(--ast-global-color-5)","background-image":"","background-repeat":"repeat","background-position":"center center","background-size":"auto","background-attachment":"scroll","background-type":"","background-media":"","overlay-type":"","overlay-color":"","overlay-opacity":"","overlay-gradient":""},"tablet":{"background-color":"","background-image":"","background-repeat":"repeat","background-position":"center center","background-size":"auto","background-attachment":"scroll","background-type":"","background-media":"","overlay-type":"","overlay-color":"","overlay-opacity":"","overlay-gradient":""},"mobile":{"background-color":"","background-image":"","background-repeat":"repeat","background-position":"center center","background-size":"auto","background-attachment":"scroll","background-type":"","background-media":"","overlay-type":"","overlay-color":"","overlay-opacity":"","overlay-gradient":""}},"ast-content-background-meta":{"desktop":{"background-color":"var(--ast-global-color-4)","background-image":"","background-repeat":"repeat","background-position":"center center","background-size":"auto","background-attachment":"scroll","background-type":"","background-media":"","overlay-type":"","overlay-color":"","overlay-opacity":"","overlay-gradient":""},"tablet":{"background-color":"var(--ast-global-color-4)","background-image":"","background-repeat":"repeat","background-position":"center center","background-size":"auto","background-attachment":"scroll","background-type":"","background-media":"","overlay-type":"","overlay-color":"","overlay-opacity":"","overlay-gradient":""},"mobile":{"background-color":"var(--ast-global-color-4)","background-image":"","background-repeat":"repeat","background-position":"center center","background-size":"auto","background-attachment":"scroll","background-type":"","background-media":"","overlay-type":"","overlay-color":"","overlay-opacity":"","overlay-gradient":""}},"_themeisle_gutenberg_block_has_review":false,"footnotes":""},"categories":[103],"tags":[194,193,201,309,308,106,105,312,313,314,134,311,108,176,224,190,189],"class_list":["post-518","post","type-post","status-publish","format-standard","hentry","category-prawo-rodzinne","tag-alimenty-chrzanow","tag-alimenty-libiaz","tag-kontakty-z-dzieckiem-chrzanow","tag-kontakty-z-dzieckiem-libiaz","tag-kontakty-z-dzieckiem-oswiecim","tag-prawnik-chrzanow","tag-prawnik-libiaz","tag-prawnik-od-alimentow-chrzanow","tag-prawnik-od-alimentow-libiaz","tag-prawnik-od-rozwodow-chrzano","tag-prawnik-trzebinia","tag-radca-prawny-alwernia","tag-radca-prawny-libiaz","tag-radca-prawny-trzebinia","tag-radca-prawny-zator","tag-rozwod-chrzanow","tag-rozwod-libiaz"],"_links":{"self":[{"href":"https:\/\/radcakleszcz.pl\/index.php\/wp-json\/wp\/v2\/posts\/518","targetHints":{"allow":["GET"]}}],"collection":[{"href":"https:\/\/radcakleszcz.pl\/index.php\/wp-json\/wp\/v2\/posts"}],"about":[{"href":"https:\/\/radcakleszcz.pl\/index.php\/wp-json\/wp\/v2\/types\/post"}],"author":[{"embeddable":true,"href":"https:\/\/radcakleszcz.pl\/index.php\/wp-json\/wp\/v2\/users\/4"}],"replies":[{"embeddable":true,"href":"https:\/\/radcakleszcz.pl\/index.php\/wp-json\/wp\/v2\/comments?post=518"}],"version-history":[{"count":2,"href":"https:\/\/radcakleszcz.pl\/index.php\/wp-json\/wp\/v2\/posts\/518\/revisions"}],"predecessor-version":[{"id":520,"href":"https:\/\/radcakleszcz.pl\/index.php\/wp-json\/wp\/v2\/posts\/518\/revisions\/520"}],"wp:attachment":[{"href":"https:\/\/radcakleszcz.pl\/index.php\/wp-json\/wp\/v2\/media?parent=518"}],"wp:term":[{"taxonomy":"category","embeddable":true,"href":"https:\/\/radcakleszcz.pl\/index.php\/wp-json\/wp\/v2\/categories?post=518"},{"taxonomy":"post_tag","embeddable":true,"href":"https:\/\/radcakleszcz.pl\/index.php\/wp-json\/wp\/v2\/tags?post=518"}],"curies":[{"name":"wp","href":"https:\/\/api.w.org\/{rel}","templated":true}]}}