{"id":525,"date":"2025-11-06T12:44:37","date_gmt":"2025-11-06T11:44:37","guid":{"rendered":"https:\/\/radcakleszcz.pl\/?p=525"},"modified":"2025-11-06T12:56:54","modified_gmt":"2025-11-06T11:56:54","slug":"grzywna-za-utrudnianie-kontaktow-z-dzieckiem","status":"publish","type":"post","link":"https:\/\/radcakleszcz.pl\/index.php\/grzywna-za-utrudnianie-kontaktow-z-dzieckiem\/","title":{"rendered":"Grzywna za utrudnianie kontakt\u00f3w z dzieckiem. Brak realizacji kontakt\u00f3w z dzieckiem."},"content":{"rendered":"\n<p>Masz problem z utrudnianiem kontakt\u00f3w z dzieckiem przez rodzica sprawuj\u0105cego piecz\u0119 lub z rodzicem nie realizuj\u0105cym kontakt\u00f3w? Dowiedz si\u0119, kiedy s\u0105d mo\u017ce na\u0142o\u017cy\u0107 grzywn\u0119 i jak skutecznie dochodzi\u0107 swoich praw. Kancelaria Radcy Prawnego Micha\u0142a Kleszcza w Libi\u0105\u017cu \u015bwiadczy us\u0142ugi prawne m. in. z tego zakresu.<\/p>\n\n\n\n<p>W sporach rodzinnych jednym z najcz\u0119stszych problem\u00f3w jest <strong>utrudnianie kontakt\u00f3w z dzieckiem<\/strong> przez jednego z rodzic\u00f3w b\u0105d\u017a niewykonywanie kontakt\u00f3w przez rodzica. Nierzadko dochodzi do sytuacji, w kt\u00f3rej mimo orzeczenia s\u0105du okre\u015blaj\u0105cego zasady kontakt\u00f3w, drugi rodzic celowo uniemo\u017cliwia spotkania b\u0105d\u017a ich unika. W takiej sytuacji mo\u017cliwe jest na\u0142o\u017cenie <strong>grzywny za utrudnianie kontakt\u00f3w z dzieckiem<\/strong>. Jak wygl\u0105da procedura i kiedy mo\u017cna dochodzi\u0107 swoich praw? <\/p>\n\n\n\n<p>Wyja\u015bnia Micha\u0142 Kleszcz, w\u0142a\u015bciciel <strong>Kancelarii Radcy Prawnego w Libi\u0105\u017cu<\/strong>.<\/p>\n\n\n\n<h3 class=\"wp-block-heading\">Na czym polega utrudnianie kontakt\u00f3w z dzieckiem? <\/h3>\n\n\n\n<p>Utrudnianie kontakt\u00f3w mo\u017ce przyjmowa\u0107 r\u00f3\u017cne formy, na przyk\u0142ad:<\/p>\n\n\n\n<ul class=\"wp-block-list\">\n<li>odmow\u0119 wydania dziecka w ustalonym terminie,<\/li>\n\n\n\n<li>celowe organizowanie innych zaj\u0119\u0107 w czasie kontaktu,<\/li>\n\n\n\n<li>wp\u0142ywanie na dziecko w spos\u00f3b zniech\u0119caj\u0105cy do spotka\u0144,<\/li>\n\n\n\n<li>uniemo\u017cliwienie rozm\u00f3w telefonicznych lub kontaktu online.<\/li>\n<\/ul>\n\n\n\n<p>Je\u015bli takie dzia\u0142ania si\u0119 powtarzaj\u0105, rodzic uprawniony do kontakt\u00f3w mo\u017ce wyst\u0105pi\u0107 do s\u0105du o <strong>na\u0142o\u017cenie grzywny<\/strong> na osob\u0119 utrudniaj\u0105c\u0105 kontakt.<\/p>\n\n\n\n<p>Zgodnie z art. 598 (15) \u00a7&nbsp; 1 kpc<br><em>&nbsp;Je\u017celi osoba, pod kt\u00f3rej piecz\u0105 dziecko pozostaje, nie wykonuje albo niew\u0142a\u015bciwie wykonuje obowi\u0105zki wynikaj\u0105ce z orzeczenia albo z ugody zawartej przed s\u0105dem lub przed mediatorem w przedmiocie kontakt\u00f3w z dzieckiem, s\u0105d opieku\u0144czy, uwzgl\u0119dniaj\u0105c sytuacj\u0119 maj\u0105tkow\u0105 tej osoby, zagrozi jej nakazaniem zap\u0142aty na rzecz osoby uprawnionej do kontaktu z dzieckiem oznaczonej sumy pieni\u0119\u017cnej za ka\u017cde naruszenie obowi\u0105zku.<\/em><\/p>\n\n\n\n<p><strong>Z drugiej strony<\/strong>, zgodnie z \u00a7 2:<\/p>\n\n\n\n<p>Je\u017celi osoba<strong> uprawniona do kontaktu z dzieckiem <\/strong>albo osoba, kt\u00f3rej tego kontaktu zakazano, narusza obowi\u0105zki wynikaj\u0105ce z orzeczenia albo z ugody zawartej przed s\u0105dem lub przed mediatorem w przedmiocie kontakt\u00f3w z dzieckiem, s\u0105d opieku\u0144czy zagrozi tej osobie nakazaniem zap\u0142aty oznaczonej sumy pieni\u0119\u017cnej na rzecz osoby, pod kt\u00f3rej piecz\u0105 dziecko pozostaje, stosuj\u0105c odpowiednio przepis \u00a7 1.<\/p>\n\n\n\n<p>Zatem, s\u0105d mo\u017ce zagrozi\u0107 wymierzeniem grzywny zar\u00f3wno osobie sprawuj\u0105cej piecz\u0119 i utrudniaj\u0105cej kontakt, jak i osobie uprawnionej do kontaktu, kt\u00f3ra nie chce go realizowa\u0107.<\/p>\n\n\n\n<p><strong>Co dalej?<\/strong><\/p>\n\n\n\n<p><strong>Je\u017celi pomimo zagro\u017cenia grzywn\u0105 nadal dochodzi do narusze\u0144<\/strong>, s\u0105d, zgodnie z art. 598 (16) \u00a7 1, <em>nakazuje jej zap\u0142at\u0119 nale\u017cnej sumy pieni\u0119\u017cnej, ustalaj\u0105c jej wysoko\u015b\u0107 stosownie do liczby narusze\u0144. S\u0105d mo\u017ce w wyj\u0105tkowych wypadkach zmieni\u0107 wysoko\u015b\u0107 sumy pieni\u0119\u017cnej, o kt\u00f3rej mowa w art. 598<sup>15<\/sup>, ze wzgl\u0119du na zmian\u0119 okoliczno\u015bci<\/em>.<\/p>\n\n\n\n<p>Taka grzywna, wymierzana w wysoko\u015bci proporcjonalnej do mo\u017cliwo\u015bci maj\u0105tkowych osoby, kt\u00f3rej zosta\u0142a wymierzona, mo\u017ce stanowi\u0107 skuteczny &#8222;motywator&#8221; do nie utrudniania kontakt\u00f3w lub do ich wykonywania.<\/p>\n\n\n\n<p><strong>Kancelaria Radcy Prawnego Micha\u0142a Kleszcza w Libi\u0105\u017cu<\/strong> oferuje kompleksow\u0105 pomoc w sprawach m. in. o:<\/p>\n\n\n\n<ul class=\"wp-block-list\">\n<li>ustalenie kontakt\u00f3w z dzieckiem,<\/li>\n\n\n\n<li>egzekucj\u0119 kontakt\u00f3w (grzywna za utrudnianie kontakt\u00f3w),<\/li>\n\n\n\n<li>zmian\u0119 orzeczenia o kontaktach,<\/li>\n\n\n\n<li>sprawy o ograniczenie lub pozbawienie w\u0142adzy rodzicielskiej<\/li>\n\n\n\n<li>alimenty &#8211; podwy\u017cszenie, obni\u017cenie;<\/li>\n\n\n\n<li>rozw\u00f3d i separacj\u0119.<\/li>\n<\/ul>\n\n\n\n<p>Pomagamy g\u0142\u00f3wnie Klientom z Ma\u0142opolski (Chrzanowa, Libi\u0105\u017ca, Trzebini, O\u015bwi\u0119cimia, Krzeszowic, Bochni, Zatora, Alwerni, Wieliczki, Wadowic i in.) oraz ze \u015al\u0105ska (Jaworzna, Bierunia, Mys\u0142owic, Katowic, Sosnowca, D\u0105browy G\u00f3rniczej i in.), ale \u015bwiadczymy te\u017c porady online dla Klient\u00f3w z ca\u0142ej Polski i z zagranicy.<\/p>\n","protected":false},"excerpt":{"rendered":"<p>Masz problem z utrudnianiem kontakt\u00f3w z dzieckiem przez rodzica sprawuj\u0105cego piecz\u0119 lub z rodzicem nie realizuj\u0105cym kontakt\u00f3w? Dowiedz si\u0119, kiedy s\u0105d mo\u017ce na\u0142o\u017cy\u0107 grzywn\u0119 i jak skutecznie dochodzi\u0107 swoich praw. Kancelaria Radcy Prawnego Micha\u0142a Kleszcza w Libi\u0105\u017cu \u015bwiadczy us\u0142ugi prawne m. in. z tego zakresu. W sporach rodzinnych jednym z najcz\u0119stszych problem\u00f3w jest utrudnianie kontakt\u00f3w [&hellip;]<\/p>\n","protected":false},"author":4,"featured_media":0,"comment_status":"closed","ping_status":"","sticky":false,"template":"","format":"standard","meta":{"site-sidebar-layout":"default","site-content-layout":"","ast-site-content-layout":"","site-content-style":"default","site-sidebar-style":"default","ast-global-header-display":"","ast-banner-title-visibility":"","ast-main-header-display":"","ast-hfb-above-header-display":"","ast-hfb-below-header-display":"","ast-hfb-mobile-header-display":"","site-post-title":"","ast-breadcrumbs-content":"","ast-featured-img":"","footer-sml-layout":"","theme-transparent-header-meta":"","adv-header-id-meta":"","stick-header-meta":"","header-above-stick-meta":"","header-main-stick-meta":"","header-below-stick-meta":"","astra-migrate-meta-layouts":"default","ast-page-background-enabled":"default","ast-page-background-meta":{"desktop":{"background-color":"var(--ast-global-color-5)","background-image":"","background-repeat":"repeat","background-position":"center center","background-size":"auto","background-attachment":"scroll","background-type":"","background-media":"","overlay-type":"","overlay-color":"","overlay-opacity":"","overlay-gradient":""},"tablet":{"background-color":"","background-image":"","background-repeat":"repeat","background-position":"center center","background-size":"auto","background-attachment":"scroll","background-type":"","background-media":"","overlay-type":"","overlay-color":"","overlay-opacity":"","overlay-gradient":""},"mobile":{"background-color":"","background-image":"","background-repeat":"repeat","background-position":"center center","background-size":"auto","background-attachment":"scroll","background-type":"","background-media":"","overlay-type":"","overlay-color":"","overlay-opacity":"","overlay-gradient":""}},"ast-content-background-meta":{"desktop":{"background-color":"var(--ast-global-color-4)","background-image":"","background-repeat":"repeat","background-position":"center center","background-size":"auto","background-attachment":"scroll","background-type":"","background-media":"","overlay-type":"","overlay-color":"","overlay-opacity":"","overlay-gradient":""},"tablet":{"background-color":"var(--ast-global-color-4)","background-image":"","background-repeat":"repeat","background-position":"center center","background-size":"auto","background-attachment":"scroll","background-type":"","background-media":"","overlay-type":"","overlay-color":"","overlay-opacity":"","overlay-gradient":""},"mobile":{"background-color":"var(--ast-global-color-4)","background-image":"","background-repeat":"repeat","background-position":"center center","background-size":"auto","background-attachment":"scroll","background-type":"","background-media":"","overlay-type":"","overlay-color":"","overlay-opacity":"","overlay-gradient":""}},"_themeisle_gutenberg_block_has_review":false,"footnotes":""},"categories":[103],"tags":[194,193,303,323,322,324,201,309,106,105,134,311,109,108,110,176,224],"class_list":["post-525","post","type-post","status-publish","format-standard","hentry","category-prawo-rodzinne","tag-alimenty-chrzanow","tag-alimenty-libiaz","tag-alimenty-oswiecim-2","tag-kancelaria-chrzanow","tag-kancelaria-libiaz","tag-kancelaria-oswiecim","tag-kontakty-z-dzieckiem-chrzanow","tag-kontakty-z-dzieckiem-libiaz","tag-prawnik-chrzanow","tag-prawnik-libiaz","tag-prawnik-trzebinia","tag-radca-prawny-alwernia","tag-radca-prawny-chrzanow","tag-radca-prawny-libiaz","tag-radca-prawny-oswiecim","tag-radca-prawny-trzebinia","tag-radca-prawny-zator"],"_links":{"self":[{"href":"https:\/\/radcakleszcz.pl\/index.php\/wp-json\/wp\/v2\/posts\/525","targetHints":{"allow":["GET"]}}],"collection":[{"href":"https:\/\/radcakleszcz.pl\/index.php\/wp-json\/wp\/v2\/posts"}],"about":[{"href":"https:\/\/radcakleszcz.pl\/index.php\/wp-json\/wp\/v2\/types\/post"}],"author":[{"embeddable":true,"href":"https:\/\/radcakleszcz.pl\/index.php\/wp-json\/wp\/v2\/users\/4"}],"replies":[{"embeddable":true,"href":"https:\/\/radcakleszcz.pl\/index.php\/wp-json\/wp\/v2\/comments?post=525"}],"version-history":[{"count":3,"href":"https:\/\/radcakleszcz.pl\/index.php\/wp-json\/wp\/v2\/posts\/525\/revisions"}],"predecessor-version":[{"id":528,"href":"https:\/\/radcakleszcz.pl\/index.php\/wp-json\/wp\/v2\/posts\/525\/revisions\/528"}],"wp:attachment":[{"href":"https:\/\/radcakleszcz.pl\/index.php\/wp-json\/wp\/v2\/media?parent=525"}],"wp:term":[{"taxonomy":"category","embeddable":true,"href":"https:\/\/radcakleszcz.pl\/index.php\/wp-json\/wp\/v2\/categories?post=525"},{"taxonomy":"post_tag","embeddable":true,"href":"https:\/\/radcakleszcz.pl\/index.php\/wp-json\/wp\/v2\/tags?post=525"}],"curies":[{"name":"wp","href":"https:\/\/api.w.org\/{rel}","templated":true}]}}