{"id":529,"date":"2025-11-10T17:45:22","date_gmt":"2025-11-10T16:45:22","guid":{"rendered":"https:\/\/radcakleszcz.pl\/?p=529"},"modified":"2025-11-10T17:45:22","modified_gmt":"2025-11-10T16:45:22","slug":"odwolanie-od-decyzji-zus-radca-prawny-michal-kleszcz-libiaz-chrzanow-trzebinia-oswiecim-i-in","status":"publish","type":"post","link":"https:\/\/radcakleszcz.pl\/index.php\/odwolanie-od-decyzji-zus-radca-prawny-michal-kleszcz-libiaz-chrzanow-trzebinia-oswiecim-i-in\/","title":{"rendered":"Odwo\u0142anie od decyzji ZUS \u2013 Radca prawny Micha\u0142 Kleszcz | Libi\u0105\u017c, Chrzan\u00f3w, Trzebinia, O\u015bwi\u0119cim i in."},"content":{"rendered":"\n\n\n<p>Nie zgadzasz si\u0119 z decyzj\u0105 ZUS? <strong>Radca prawny Micha\u0142 Kleszcz<\/strong> z Libi\u0105\u017ca pomo\u017ce Ci w odwo\u0142aniu od decyzji ZUS. Skuteczna pomoc prawna dla klient\u00f3w z <strong>Libi\u0105\u017ca, Chrzanowa, Trzebini, O\u015bwi\u0119cimia, Jaworzna<\/strong> i okolic \u2013 profesjonalne wsparcie od etapu odwo\u0142ania do wyroku e<\/p>\n\n\n\n<p>Kiedy warto odwo\u0142a\u0107 si\u0119 od decyzji ZUS?<\/p>\n\n\n\n<p>Jak wygl\u0105da procedura odwo\u0142ania od decyzji ZUS?<\/p>\n\n\n\n<p>Dlaczego warto skorzysta\u0107 z pomocy radcy prawnego?<\/p>\n\n\n\n<p>Odwo\u0142anie od decyzji ZUS \u2013 terminy i formalno\u015bci<\/p>\n\n\n\n<p>Skontaktuj si\u0119 z Kancelari\u0105 Radcy Prawnego Micha\u0142a Kleszcza w Libi\u0105\u017cu<\/p>\n\n\n\n<p><strong>Czy ZUS odm\u00f3wi\u0142 Ci przyznania zasi\u0142ku, renty, odszkodowania lub ustali\u0142 nieprawid\u0142owy stopie\u0144 niepe\u0142nosprawno\u015bci?<\/strong><br>A mo\u017ce otrzyma\u0142e\u015b decyzj\u0119, z kt\u00f3rej wynika b\u0142\u0119dne naliczenie sk\u0142adek?<br>Takie sytuacje zdarzaj\u0105 si\u0119 cz\u0119sto \u2013 ale nie oznacza to, \u017ce musisz si\u0119 z nimi pogodzi\u0107. Masz prawo z\u0142o\u017cy\u0107 <strong>odwo\u0142anie od decyzji ZUS<\/strong>, kt\u00f3re mo\u017ce doprowadzi\u0107 do jej zmiany na Twoj\u0105 korzy\u015b\u0107.<\/p>\n\n\n\n<p><br>ZUS, po otrzymaniu odwo\u0142ania, mo\u017ce samodzielnie zmieni\u0107 swoje stanowisko. Je\u015bli tego nie zrobi, Twoj\u0105 spraw\u0105 zajmie si\u0119 <strong>s\u0105d pracy i ubezpiecze\u0144 spo\u0142ecznych<\/strong>, kt\u00f3ry dok\u0142adnie zbada wszystkie okoliczno\u015bci i argumenty.<\/p>\n\n\n\n<hr class=\"wp-block-separator has-alpha-channel-opacity\" \/>\n\n\n\n<h2 class=\"wp-block-heading\">Dlaczego warto skorzysta\u0107 z pomocy prawnika?<\/h2>\n\n\n\n<p>Post\u0119powanie przed ZUS i s\u0105dem wymaga znajomo\u015bci przepis\u00f3w oraz odpowiedniej argumentacji.<br>Niepoprawnie sformu\u0142owane odwo\u0142anie lub brak w\u0142a\u015bciwego uzasadnienia mo\u017ce poci\u0105ga\u0107 za sob\u0105 niekorzystne rozstrzygni\u0119cie, dlatego warto skorzysta\u0107 ze wsparcia profesjonalisty.<\/p>\n\n\n\n<p><strong>Radca prawny Micha\u0142 Kleszcz<\/strong> \u2013 z kancelarii w <strong>Libi\u0105\u017cu<\/strong>, obs\u0142uguj\u0105cy r\u00f3wnie\u017c klient\u00f3w z <strong>Chrzanowa, Trzebini i O\u015bwi\u0119cimia<\/strong>, <strong>Trzebini, Alewerni, Wadowic,  Zatora, Krzeszowic, Jaworzna, Katowic i in.<\/strong> \u2013 pomo\u017ce Ci na ka\u017cdym etapie:<\/p>\n\n\n\n<ul class=\"wp-block-list\">\n<li>przeanalizuje decyzj\u0119 ZUS i wska\u017ce realne szanse na jej zmian\u0119,<\/li>\n\n\n\n<li>przygotuje odwo\u0142anie zgodne z wymogami prawnymi,<\/li>\n\n\n\n<li>zadba o zebranie odpowiednich dowod\u00f3w i dokument\u00f3w,<\/li>\n\n\n\n<li>b\u0119dzie reprezentowa\u0142 Ci\u0119 przed s\u0105dem, je\u015bli sprawa tam trafi.<\/li>\n<\/ul>\n\n\n\n<p>Dzi\u0119ki do\u015bwiadczeniu w sprawach z zakresu <strong>ubezpiecze\u0144 spo\u0142ecznych<\/strong>, kancelaria dba o to, by ka\u017cda sprawa by\u0142a prowadzona z pe\u0142nym zaanga\u017cowaniem i empati\u0105.  <\/p>\n\n\n\n<hr class=\"wp-block-separator has-alpha-channel-opacity\" \/>\n\n\n\n<h2 class=\"wp-block-heading\">Dzia\u0142aj w terminie<\/h2>\n\n\n\n<p>Na z\u0142o\u017cenie odwo\u0142ania od decyzji ZUS masz 30 dni od dnia jej dor\u0119czenia. Przygotowanie odpowiedniej argumentacji wymaga czasu, dlatego warto dzia\u0142a\u0107 od razu.<br>Nawet jednodniowe przekroczenie terminu mo\u017ce spowodowa\u0107 odrzucenie odwo\u0142ania, dlatego nie warto zwleka\u0107.<br> <\/p>\n\n\n\n<hr class=\"wp-block-separator has-alpha-channel-opacity\" \/>\n\n\n\n<h2 class=\"wp-block-heading\">Skontaktuj si\u0119 z nami<\/h2>\n\n\n\n<p>Ka\u017cda sprawa jest inna i wymaga indywidualnego podej\u015bcia.<br>Je\u015bli chcesz sprawdzi\u0107, czy masz podstawy do odwo\u0142ania od decyzji ZUS, zapraszam do kontaktu:<\/p>\n\n\n\n<p>\ud83d\udccd <strong>Kancelaria Radcy Prawnego Micha\u0142a Kleszcza<\/strong> \u2013ul. Kwiatowa 14, 32-590 Libi\u0105\u017c.<br>Kancelaria \u015bwiadczy pomoc prawn\u0105 dla <strong>Klient\u00f3w z ca\u0142ej Polski<\/strong> &#8211; kontakt odbywa si\u0119 telefonicznie lub za po\u015brednictwem komunikator\u00f3w takich jak Teams, Messenger, Whatsapp itp. Szeroki krag os\u00f3b wsp\u00f3\u0142pracuj\u0105cych z Kancelari\u0105 umo\u017cliwia reprezentacj\u0119 przed ka\u017cdym s\u0105dem i organem na terenie kraju.<br>\ud83d\udcde Telefon: 730109703<br>\ud83d\udce7 E-mail: michalkleszcz@radcakleszcz.pl<\/p>\n\n\n\n<p>Nie pozw\u00f3l, aby b\u0142\u0119dna decyzja ZUS pozbawi\u0142a Ci\u0119 nale\u017cnych \u015bwiadcze\u0144.<br>Zaufaj do\u015bwiadczeniu i zaanga\u017cowaniu \u2013 <strong>razem b\u0119dziemy walczy\u0107 o Twoje prawa.<\/strong><\/p>\n\n\n\n<p><\/p>\n","protected":false},"excerpt":{"rendered":"<p>Nie zgadzasz si\u0119 z decyzj\u0105 ZUS? Radca prawny Micha\u0142 Kleszcz z Libi\u0105\u017ca pomo\u017ce Ci w odwo\u0142aniu od decyzji ZUS. Skuteczna pomoc prawna dla klient\u00f3w z Libi\u0105\u017ca, Chrzanowa, Trzebini, O\u015bwi\u0119cimia, Jaworzna i okolic \u2013 profesjonalne wsparcie od etapu odwo\u0142ania do wyroku e Kiedy warto odwo\u0142a\u0107 si\u0119 od decyzji ZUS? Jak wygl\u0105da procedura odwo\u0142ania od decyzji ZUS? [&hellip;]<\/p>\n","protected":false},"author":4,"featured_media":0,"comment_status":"closed","ping_status":"","sticky":false,"template":"","format":"standard","meta":{"site-sidebar-layout":"default","site-content-layout":"","ast-site-content-layout":"","site-content-style":"default","site-sidebar-style":"default","ast-global-header-display":"","ast-banner-title-visibility":"","ast-main-header-display":"","ast-hfb-above-header-display":"","ast-hfb-below-header-display":"","ast-hfb-mobile-header-display":"","site-post-title":"","ast-breadcrumbs-content":"","ast-featured-img":"","footer-sml-layout":"","theme-transparent-header-meta":"","adv-header-id-meta":"","stick-header-meta":"","header-above-stick-meta":"","header-main-stick-meta":"","header-below-stick-meta":"","astra-migrate-meta-layouts":"default","ast-page-background-enabled":"default","ast-page-background-meta":{"desktop":{"background-color":"var(--ast-global-color-5)","background-image":"","background-repeat":"repeat","background-position":"center center","background-size":"auto","background-attachment":"scroll","background-type":"","background-media":"","overlay-type":"","overlay-color":"","overlay-opacity":"","overlay-gradient":""},"tablet":{"background-color":"","background-image":"","background-repeat":"repeat","background-position":"center center","background-size":"auto","background-attachment":"scroll","background-type":"","background-media":"","overlay-type":"","overlay-color":"","overlay-opacity":"","overlay-gradient":""},"mobile":{"background-color":"","background-image":"","background-repeat":"repeat","background-position":"center center","background-size":"auto","background-attachment":"scroll","background-type":"","background-media":"","overlay-type":"","overlay-color":"","overlay-opacity":"","overlay-gradient":""}},"ast-content-background-meta":{"desktop":{"background-color":"var(--ast-global-color-4)","background-image":"","background-repeat":"repeat","background-position":"center center","background-size":"auto","background-attachment":"scroll","background-type":"","background-media":"","overlay-type":"","overlay-color":"","overlay-opacity":"","overlay-gradient":""},"tablet":{"background-color":"var(--ast-global-color-4)","background-image":"","background-repeat":"repeat","background-position":"center center","background-size":"auto","background-attachment":"scroll","background-type":"","background-media":"","overlay-type":"","overlay-color":"","overlay-opacity":"","overlay-gradient":""},"mobile":{"background-color":"var(--ast-global-color-4)","background-image":"","background-repeat":"repeat","background-position":"center center","background-size":"auto","background-attachment":"scroll","background-type":"","background-media":"","overlay-type":"","overlay-color":"","overlay-opacity":"","overlay-gradient":""}},"_themeisle_gutenberg_block_has_review":false,"footnotes":""},"categories":[1],"tags":[326,329,274,106,105,107,134,109,111,108,112,110,176,328,325],"class_list":["post-529","post","type-post","status-publish","format-standard","hentry","category-uncategorized","tag-odwolanie","tag-odwolanie-zus","tag-prawnik-alwernia","tag-prawnik-chrzanow","tag-prawnik-libiaz","tag-prawnik-oswiecim","tag-prawnik-trzebinia","tag-radca-prawny-chrzanow","tag-radca-prawny-jaworzno","tag-radca-prawny-libiaz","tag-radca-prawny-malopolska","tag-radca-prawny-oswiecim","tag-radca-prawny-trzebinia","tag-zakald-ubezpieczen-spolecznych","tag-zus"],"_links":{"self":[{"href":"https:\/\/radcakleszcz.pl\/index.php\/wp-json\/wp\/v2\/posts\/529","targetHints":{"allow":["GET"]}}],"collection":[{"href":"https:\/\/radcakleszcz.pl\/index.php\/wp-json\/wp\/v2\/posts"}],"about":[{"href":"https:\/\/radcakleszcz.pl\/index.php\/wp-json\/wp\/v2\/types\/post"}],"author":[{"embeddable":true,"href":"https:\/\/radcakleszcz.pl\/index.php\/wp-json\/wp\/v2\/users\/4"}],"replies":[{"embeddable":true,"href":"https:\/\/radcakleszcz.pl\/index.php\/wp-json\/wp\/v2\/comments?post=529"}],"version-history":[{"count":1,"href":"https:\/\/radcakleszcz.pl\/index.php\/wp-json\/wp\/v2\/posts\/529\/revisions"}],"predecessor-version":[{"id":532,"href":"https:\/\/radcakleszcz.pl\/index.php\/wp-json\/wp\/v2\/posts\/529\/revisions\/532"}],"wp:attachment":[{"href":"https:\/\/radcakleszcz.pl\/index.php\/wp-json\/wp\/v2\/media?parent=529"}],"wp:term":[{"taxonomy":"category","embeddable":true,"href":"https:\/\/radcakleszcz.pl\/index.php\/wp-json\/wp\/v2\/categories?post=529"},{"taxonomy":"post_tag","embeddable":true,"href":"https:\/\/radcakleszcz.pl\/index.php\/wp-json\/wp\/v2\/tags?post=529"}],"curies":[{"name":"wp","href":"https:\/\/api.w.org\/{rel}","templated":true}]}}