{"id":552,"date":"2025-11-23T21:26:19","date_gmt":"2025-11-23T20:26:19","guid":{"rendered":"https:\/\/radcakleszcz.pl\/?p=552"},"modified":"2025-11-23T21:26:19","modified_gmt":"2025-11-23T20:26:19","slug":"prawo-pracy-i-ubezpieczen-spolecznych-kancelaria-radcy-prawnego-michala-kleszcza-w-libiazu","status":"publish","type":"post","link":"https:\/\/radcakleszcz.pl\/index.php\/prawo-pracy-i-ubezpieczen-spolecznych-kancelaria-radcy-prawnego-michala-kleszcza-w-libiazu\/","title":{"rendered":"Prawo pracy i ubezpiecze\u0144 spo\u0142ecznych. Kancelaria Radcy prawnego Micha\u0142a Kleszcza w Libi\u0105\u017cu."},"content":{"rendered":"\n<h2 class=\"wp-block-heading\"><strong>Kancelaria Radcy Prawnego Micha\u0142a Kleszcza w Libi\u0105\u017cu <\/strong>specjalizuje si\u0119 m. in. w sprawach z zakresu<strong> prawa pracy<\/strong> i ubezpiecze\u0144 spo\u0142ecznych, takich jak:<\/h2>\n\n\n\n<p>odwo\u0142ania od decyzji ZUS, <\/p>\n\n\n\n<p>reprezentacja pracownik\u00f3w i pracodawc\u00f3w w post\u0119powaniach s\u0105dowych,<\/p>\n\n\n\n<p>przywr\u00f3cenie do pracy, <\/p>\n\n\n\n<p>ustalenie bezskuteczno\u015bci wypowiedzenia, <\/p>\n\n\n\n<p>ustalenie istnienia stosunku pracy, <\/p>\n\n\n\n<p>odszkodowanie dotycz\u0105ce naruszenia zasad r\u00f3wnego traktowania, mobbingu lub dyskryminacji, <\/p>\n\n\n\n<p>odszkodowanie za rozwi\u0105zanie umowy o prac\u0119 bez wypowiedzenia z naruszeniem przepis\u00f3w prawa pracy przez pracodawc\u0119, <\/p>\n\n\n\n<p>odwo\u0142ania od wypowiedzenia umowy o prac\u0119, <\/p>\n\n\n\n<p>dochodzenie wyp\u0142aty nale\u017cnego wynagrodzenia za prac\u0119, <\/p>\n\n\n\n<p>sprostowanie \u015bwiadectwa pracy &#8230;<br><\/p>\n\n\n\n<p>i inne.<\/p>\n\n\n\n<h2 class=\"wp-block-heading\"><strong>Zakres terytorialny<\/strong><\/h2>\n\n\n\n<p>Us\u0142ugi prawne \u015bwiadczone na terenie ca\u0142ej Polski, w szczeg\u00f3lno\u015bci dla os\u00f3b maj\u0105cych miejsce zamieszkania lub siedzib\u0119 w <strong>Libi\u0105\u017cu, Chrzanowie, Jaworznie, Trzebini, O\u015bwi\u0119cimiu, Krzeszowicach, Bieruniu, Zatorze, Alwernii, Imielinie, Katowicach, Krakowie, Sosnowcu, Wadowicach, Suchej Beskidzkiej, Skawinie<\/strong>, <strong>D\u0105browie G\u00f3rniczej<\/strong>.<\/p>\n\n\n\n<p><strong>Porady prawne udzielane s\u0105 r\u00f3wnie\u017c telefonicznie oraz online<\/strong> za po\u015brednictwem dowolnych, wybranych przez Klienta komunikator\u00f3w.<\/p>\n\n\n\n<p><\/p>\n","protected":false},"excerpt":{"rendered":"<p>Kancelaria Radcy Prawnego Micha\u0142a Kleszcza w Libi\u0105\u017cu specjalizuje si\u0119 m. in. w sprawach z zakresu prawa pracy i ubezpiecze\u0144 spo\u0142ecznych, takich jak: odwo\u0142ania od decyzji ZUS, reprezentacja pracownik\u00f3w i pracodawc\u00f3w w post\u0119powaniach s\u0105dowych, przywr\u00f3cenie do pracy, ustalenie bezskuteczno\u015bci wypowiedzenia, ustalenie istnienia stosunku pracy, odszkodowanie dotycz\u0105ce naruszenia zasad r\u00f3wnego traktowania, mobbingu lub dyskryminacji, odszkodowanie za rozwi\u0105zanie [&hellip;]<\/p>\n","protected":false},"author":4,"featured_media":0,"comment_status":"closed","ping_status":"","sticky":false,"template":"","format":"standard","meta":{"site-sidebar-layout":"default","site-content-layout":"","ast-site-content-layout":"","site-content-style":"default","site-sidebar-style":"default","ast-global-header-display":"","ast-banner-title-visibility":"","ast-main-header-display":"","ast-hfb-above-header-display":"","ast-hfb-below-header-display":"","ast-hfb-mobile-header-display":"","site-post-title":"","ast-breadcrumbs-content":"","ast-featured-img":"","footer-sml-layout":"","theme-transparent-header-meta":"","adv-header-id-meta":"","stick-header-meta":"","header-above-stick-meta":"","header-main-stick-meta":"","header-below-stick-meta":"","astra-migrate-meta-layouts":"default","ast-page-background-enabled":"default","ast-page-background-meta":{"desktop":{"background-color":"var(--ast-global-color-5)","background-image":"","background-repeat":"repeat","background-position":"center center","background-size":"auto","background-attachment":"scroll","background-type":"","background-media":"","overlay-type":"","overlay-color":"","overlay-opacity":"","overlay-gradient":""},"tablet":{"background-color":"","background-image":"","background-repeat":"repeat","background-position":"center center","background-size":"auto","background-attachment":"scroll","background-type":"","background-media":"","overlay-type":"","overlay-color":"","overlay-opacity":"","overlay-gradient":""},"mobile":{"background-color":"","background-image":"","background-repeat":"repeat","background-position":"center center","background-size":"auto","background-attachment":"scroll","background-type":"","background-media":"","overlay-type":"","overlay-color":"","overlay-opacity":"","overlay-gradient":""}},"ast-content-background-meta":{"desktop":{"background-color":"var(--ast-global-color-4)","background-image":"","background-repeat":"repeat","background-position":"center center","background-size":"auto","background-attachment":"scroll","background-type":"","background-media":"","overlay-type":"","overlay-color":"","overlay-opacity":"","overlay-gradient":""},"tablet":{"background-color":"var(--ast-global-color-4)","background-image":"","background-repeat":"repeat","background-position":"center center","background-size":"auto","background-attachment":"scroll","background-type":"","background-media":"","overlay-type":"","overlay-color":"","overlay-opacity":"","overlay-gradient":""},"mobile":{"background-color":"var(--ast-global-color-4)","background-image":"","background-repeat":"repeat","background-position":"center center","background-size":"auto","background-attachment":"scroll","background-type":"","background-media":"","overlay-type":"","overlay-color":"","overlay-opacity":"","overlay-gradient":""}},"_themeisle_gutenberg_block_has_review":false,"footnotes":""},"categories":[137],"tags":[353,355,354,106,105,107,349,350,351,204,109,111,108,110,348,176,352],"class_list":["post-552","post","type-post","status-publish","format-standard","hentry","category-prawo-pracy","tag-odwolanie-zus-chrzanow","tag-odwolanie-zus-libiaz","tag-odwolanie-zus-oswiecim","tag-prawnik-chrzanow","tag-prawnik-libiaz","tag-prawnik-oswiecim","tag-prawo-pracy-chrzanow","tag-prawo-pracy-libiaz","tag-prawo-pracy-oswiecim","tag-radca-prawny-chelmek","tag-radca-prawny-chrzanow","tag-radca-prawny-jaworzno","tag-radca-prawny-libiaz","tag-radca-prawny-oswiecim","tag-radca-prawny-prawo-pracy","tag-radca-prawny-trzebinia","tag-sad-pracy-chrzanow"],"_links":{"self":[{"href":"https:\/\/radcakleszcz.pl\/index.php\/wp-json\/wp\/v2\/posts\/552","targetHints":{"allow":["GET"]}}],"collection":[{"href":"https:\/\/radcakleszcz.pl\/index.php\/wp-json\/wp\/v2\/posts"}],"about":[{"href":"https:\/\/radcakleszcz.pl\/index.php\/wp-json\/wp\/v2\/types\/post"}],"author":[{"embeddable":true,"href":"https:\/\/radcakleszcz.pl\/index.php\/wp-json\/wp\/v2\/users\/4"}],"replies":[{"embeddable":true,"href":"https:\/\/radcakleszcz.pl\/index.php\/wp-json\/wp\/v2\/comments?post=552"}],"version-history":[{"count":1,"href":"https:\/\/radcakleszcz.pl\/index.php\/wp-json\/wp\/v2\/posts\/552\/revisions"}],"predecessor-version":[{"id":553,"href":"https:\/\/radcakleszcz.pl\/index.php\/wp-json\/wp\/v2\/posts\/552\/revisions\/553"}],"wp:attachment":[{"href":"https:\/\/radcakleszcz.pl\/index.php\/wp-json\/wp\/v2\/media?parent=552"}],"wp:term":[{"taxonomy":"category","embeddable":true,"href":"https:\/\/radcakleszcz.pl\/index.php\/wp-json\/wp\/v2\/categories?post=552"},{"taxonomy":"post_tag","embeddable":true,"href":"https:\/\/radcakleszcz.pl\/index.php\/wp-json\/wp\/v2\/tags?post=552"}],"curies":[{"name":"wp","href":"https:\/\/api.w.org\/{rel}","templated":true}]}}