{"id":554,"date":"2025-11-23T21:51:49","date_gmt":"2025-11-23T20:51:49","guid":{"rendered":"https:\/\/radcakleszcz.pl\/?p=554"},"modified":"2025-11-24T15:43:07","modified_gmt":"2025-11-24T14:43:07","slug":"stalking-uporczywe-nekanie","status":"publish","type":"post","link":"https:\/\/radcakleszcz.pl\/index.php\/stalking-uporczywe-nekanie\/","title":{"rendered":"Stalking. Uporczywe n\u0119kanie."},"content":{"rendered":"\n<h2 class=\"wp-block-heading\">Kancelaria Radcy Prawnego Micha\u0142a Kleszcza w Libi\u0105\u017cu \u015bwiadczy us\u0142ugi prawne w zakresie prawa karnego.<\/h2>\n\n\n\n<p>Sprawy o tzw. stalking pojawiaj\u0105 si\u0119 bardzo cz\u0119sto. <strong>Radca prawny Micha\u0142 Kleszcz<\/strong> reprezentuje zar\u00f3wno pokrzywdzonych, jak r\u00f3wnie\u017c dzia\u0142a w charakterze obro\u0144cy. <strong>Do\u015bwiadczenie<\/strong> zdobyte w trakcie prowadzenia <strong>kancelarii <\/strong>oraz podczas d\u0142ugoletniej pracy w <strong>Biurze Rzecznika Praw Obywatelskich w Warszawie<\/strong> pozwala na dzia\u0142anie w pe\u0142ni profesjonalne, zabezpieczaj\u0105ce w pe\u0142ni interesy Klient\u00f3w.<\/p>\n\n\n\n<p>Czym jest stalking? Zgodnie z art. 190 a kodeksu karnego:<\/p>\n\n\n\n<p>\u00a7 1. Kto przez uporczywe n\u0119kanie innej osoby lub osoby dla niej najbli\u017cszej wzbudza u niej uzasadnione okoliczno\u015bciami poczucie zagro\u017cenia, poni\u017cenia lub udr\u0119czenia lub istotnie narusza jej prywatno\u015b\u0107,<br>podlega karze pozbawienia wolno\u015bci od 6 miesi\u0119cy do lat 8.<br>\u00a7 2. Tej samej karze podlega, kto, podszywaj\u0105c si\u0119 pod inn\u0105 osob\u0119, wykorzystuje jej wizerunek, inne jej dane osobowe lub inne dane, za pomoc\u0105 kt\u00f3rych jest ona publicznie identyfikowana, przez co wyrz\u0105dza jej szkod\u0119 maj\u0105tkow\u0105 lub osobist\u0105.<br>\u00a7 3. Je\u017celi nast\u0119pstwem czynu okre\u015blonego w \u00a7 1 lub 2 jest targni\u0119cie si\u0119 pokrzywdzonego na w\u0142asne \u017cycie, sprawca podlega karze pozbawienia wolno\u015bci od lat 2 do 15.<br>\u00a7 4. \u015aciganie przest\u0119pstwa okre\u015blonego w \u00a7 1 lub 2 nast\u0119puje na wniosek pokrzywdzonego.<\/p>\n\n\n\n<h2 class=\"wp-block-heading\"><strong>Jeste\u015b ofiar\u0105 stalkingu? Skontaktuj si\u0119 z Kancelari\u0105 Radcy Prawnego Micha\u0142a Kleszcza w Libi\u0105\u017cu. Wst\u0119pna wycena us\u0142ugi jest bezp\u0142atna. <\/strong><\/h2>\n\n\n\n<p>Sprawy dotycz\u0105ce uporczywego n\u0119kania to sprawy skomplikowane, wymagaj\u0105ce odpowiedniego podej\u015bcia oraz zdecydowanego dzia\u0142ania. Zar\u00f3wno zabezpieczenie interes\u00f3w pokrzywdzonego jak i obrona osoby (cz\u0119sto nies\u0142usznie) oskar\u017conej wymaga dzia\u0142a\u0144 opartych na wiedzy i do\u015bwiadczeniu. Nie dzia\u0142aj sam\/sama, powierz swoje sprawy profesjonali\u015bcie.<\/p>\n\n\n\n<h2 class=\"wp-block-heading\"><strong>Zakres terytorialny<\/strong><\/h2>\n\n\n\n<p>Kancelaria Radcy Prawnego Micha\u0142a Kleszcza \u015bwiadczy us\u0142ugi prawne na terenie ca\u0142ej Polski, w szczeg\u00f3lno\u015bci dla os\u00f3b maj\u0105cych miejsce zamieszkania lub siedzib\u0119 w <strong>Libi\u0105\u017cu, Chrzanowie, Jaworznie, Trzebini, O\u015bwi\u0119cimiu, Krzeszowicach, Bieruniu, Che\u0142mku, Zatorze, Alwernii, Imielinie, Katowicach, Krakowie, Sosnowcu, Wadowicach, Suchej Beskidzkiej, Skawinie<\/strong>, <strong>D\u0105browie G\u00f3rniczej<\/strong>.<\/p>\n\n\n\n<p><strong>Porady prawne udzielane s\u0105 r\u00f3wnie\u017c telefonicznie oraz online<\/strong> za po\u015brednictwem dowolnych, wybranych przez Klienta komunikator\u00f3w.<\/p>\n","protected":false},"excerpt":{"rendered":"<p>Kancelaria Radcy Prawnego Micha\u0142a Kleszcza w Libi\u0105\u017cu \u015bwiadczy us\u0142ugi prawne w zakresie prawa karnego. Sprawy o tzw. stalking pojawiaj\u0105 si\u0119 bardzo cz\u0119sto. Radca prawny Micha\u0142 Kleszcz reprezentuje zar\u00f3wno pokrzywdzonych, jak r\u00f3wnie\u017c dzia\u0142a w charakterze obro\u0144cy. Do\u015bwiadczenie zdobyte w trakcie prowadzenia kancelarii oraz podczas d\u0142ugoletniej pracy w Biurze Rzecznika Praw Obywatelskich w Warszawie pozwala na dzia\u0142anie [&hellip;]<\/p>\n","protected":false},"author":4,"featured_media":557,"comment_status":"closed","ping_status":"","sticky":false,"template":"","format":"standard","meta":{"site-sidebar-layout":"default","site-content-layout":"","ast-site-content-layout":"","site-content-style":"default","site-sidebar-style":"default","ast-global-header-display":"","ast-banner-title-visibility":"","ast-main-header-display":"","ast-hfb-above-header-display":"","ast-hfb-below-header-display":"","ast-hfb-mobile-header-display":"","site-post-title":"","ast-breadcrumbs-content":"","ast-featured-img":"","footer-sml-layout":"","theme-transparent-header-meta":"","adv-header-id-meta":"","stick-header-meta":"","header-above-stick-meta":"","header-main-stick-meta":"","header-below-stick-meta":"","astra-migrate-meta-layouts":"default","ast-page-background-enabled":"default","ast-page-background-meta":{"desktop":{"background-color":"var(--ast-global-color-5)","background-image":"","background-repeat":"repeat","background-position":"center center","background-size":"auto","background-attachment":"scroll","background-type":"","background-media":"","overlay-type":"","overlay-color":"","overlay-opacity":"","overlay-gradient":""},"tablet":{"background-color":"","background-image":"","background-repeat":"repeat","background-position":"center center","background-size":"auto","background-attachment":"scroll","background-type":"","background-media":"","overlay-type":"","overlay-color":"","overlay-opacity":"","overlay-gradient":""},"mobile":{"background-color":"","background-image":"","background-repeat":"repeat","background-position":"center center","background-size":"auto","background-attachment":"scroll","background-type":"","background-media":"","overlay-type":"","overlay-color":"","overlay-opacity":"","overlay-gradient":""}},"ast-content-background-meta":{"desktop":{"background-color":"var(--ast-global-color-4)","background-image":"","background-repeat":"repeat","background-position":"center center","background-size":"auto","background-attachment":"scroll","background-type":"","background-media":"","overlay-type":"","overlay-color":"","overlay-opacity":"","overlay-gradient":""},"tablet":{"background-color":"var(--ast-global-color-4)","background-image":"","background-repeat":"repeat","background-position":"center center","background-size":"auto","background-attachment":"scroll","background-type":"","background-media":"","overlay-type":"","overlay-color":"","overlay-opacity":"","overlay-gradient":""},"mobile":{"background-color":"var(--ast-global-color-4)","background-image":"","background-repeat":"repeat","background-position":"center center","background-size":"auto","background-attachment":"scroll","background-type":"","background-media":"","overlay-type":"","overlay-color":"","overlay-opacity":"","overlay-gradient":""}},"_themeisle_gutenberg_block_has_review":false,"footnotes":""},"categories":[8],"tags":[361,356,358,106,105,107,300,284,362,357,359,109,108,112,110,176,216],"class_list":["post-554","post","type-post","status-publish","format-standard","has-post-thumbnail","hentry","category-prawokarne","tag-karnista-chrzanow","tag-pokrzywdzony","tag-policja-chrzanow","tag-prawnik-chrzanow","tag-prawnik-libiaz","tag-prawnik-oswiecim","tag-prawnik-z-chrzanowa","tag-prawnik-z-libiaza","tag-prawnik-z-oswiecimia","tag-prawo-karne-chrzanow","tag-prawo-karne-libiaz","tag-radca-prawny-chrzanow","tag-radca-prawny-libiaz","tag-radca-prawny-malopolska","tag-radca-prawny-oswiecim","tag-radca-prawny-trzebinia","tag-stalking"],"_links":{"self":[{"href":"https:\/\/radcakleszcz.pl\/index.php\/wp-json\/wp\/v2\/posts\/554","targetHints":{"allow":["GET"]}}],"collection":[{"href":"https:\/\/radcakleszcz.pl\/index.php\/wp-json\/wp\/v2\/posts"}],"about":[{"href":"https:\/\/radcakleszcz.pl\/index.php\/wp-json\/wp\/v2\/types\/post"}],"author":[{"embeddable":true,"href":"https:\/\/radcakleszcz.pl\/index.php\/wp-json\/wp\/v2\/users\/4"}],"replies":[{"embeddable":true,"href":"https:\/\/radcakleszcz.pl\/index.php\/wp-json\/wp\/v2\/comments?post=554"}],"version-history":[{"count":1,"href":"https:\/\/radcakleszcz.pl\/index.php\/wp-json\/wp\/v2\/posts\/554\/revisions"}],"predecessor-version":[{"id":555,"href":"https:\/\/radcakleszcz.pl\/index.php\/wp-json\/wp\/v2\/posts\/554\/revisions\/555"}],"wp:featuredmedia":[{"embeddable":true,"href":"https:\/\/radcakleszcz.pl\/index.php\/wp-json\/wp\/v2\/media\/557"}],"wp:attachment":[{"href":"https:\/\/radcakleszcz.pl\/index.php\/wp-json\/wp\/v2\/media?parent=554"}],"wp:term":[{"taxonomy":"category","embeddable":true,"href":"https:\/\/radcakleszcz.pl\/index.php\/wp-json\/wp\/v2\/categories?post=554"},{"taxonomy":"post_tag","embeddable":true,"href":"https:\/\/radcakleszcz.pl\/index.php\/wp-json\/wp\/v2\/tags?post=554"}],"curies":[{"name":"wp","href":"https:\/\/api.w.org\/{rel}","templated":true}]}}